{"id":99417,"date":"2019-01-18T16:08:41","date_gmt":"2019-01-18T15:08:41","guid":{"rendered":"https:\/\/cyclingpro.net\/velopro\/?p=99417"},"modified":"2019-01-18T16:16:18","modified_gmt":"2019-01-18T15:16:18","slug":"tour-down-under-des-sentiments-mitiges-pour-michael-woods","status":"publish","type":"post","link":"https:\/\/cyclingpro.net\/velopro\/course\/tour-down-under\/tour-down-under-des-sentiments-mitiges-pour-michael-woods\/","title":{"rendered":"Tour Down Under : Des sentiments mitig\u00e9s pour Michael Woods"},"content":{"rendered":"<p style=\"text-align: justify;\">D\u00e9j\u00e0 \u00e0 l&rsquo;offensive jeudi, Michael Woods a remis le couvert ce vendredi sur le Tour Down Under. Toutefois, bien que fringuant et d\u00e9sireux d&rsquo;aller de l&rsquo;avant, ni l&rsquo;une ni l&rsquo;autre de ses attaques ne lui ont jusque l\u00e0 permis d&rsquo;engranger un quelconque avantage au classement g\u00e9n\u00e9ral. Dans la quatri\u00e8me \u00e9tape du jour, en compagnie de Wout Poels (Team Sky), George Bennett (Jumbo-Visma) et Richie Porte (Trek-Segafredo), il a pourtant un temps pris ses distances avec le reste du peloton. \u00c0 son plus grand regret, cela n&rsquo;a pas dur\u00e9. <em>\u00ab\u00a0Certains ont un peu trop frein\u00e9 dans les virages et nous avons perdu un peu de vitesse dans la descente,<\/em> a expos\u00e9 le coureur d&rsquo;EF Education First \u00e0 son arriv\u00e9e, aupr\u00e8s de Cyclingnews.\u00a0<em>Nous \u00e9tions tous impliqu\u00e9s devant et j&rsquo;\u00e9tais content car je savais que j&rsquo;avais un bon sprint par rapport aux autres grimpeurs du coup, mais nous n&rsquo;avions tout simplement pas assez d&rsquo;avance et ils nous ont rattrap\u00e9s. Je suis aussi un peu contrari\u00e9 car j&rsquo;ai essay\u00e9 de prendre la roue d&rsquo;Impey dans le sprint final, mais je n&rsquo;ai pas r\u00e9ussi.\u00a0\u00bb<\/em><\/p>\n<p style=\"text-align: justify;\">De fait, Woods est repouss\u00e9 \u00e0 vingt-et-une secondes de Patrick Bevin (CCC) au g\u00e9n\u00e9ral. Ce qui ne le ravit pas :\u00a0<em>\u00ab\u00a0Je suis vraiment content de la mani\u00e8re dont l&rsquo;\u00e9quipe court, et de ma forme, mais ce n&rsquo;est pas la position que j&rsquo;esp\u00e9rais avant Willunga. J&rsquo;aurais bien aim\u00e9 \u00eatre au moins plus proche de Paddy [Bevin] ou Impey, simplement parce que Willunga n&rsquo;est pas une mont\u00e9e parfaite pour creuser de gros \u00e9carts. Paddy a 20 secondes d&rsquo;avance, c&rsquo;est un \u00e9cart compliqu\u00e9 \u00e0 boucher et il a d\u00e9j\u00e0 termin\u00e9 dixi\u00e8me sur cette mont\u00e9e. Bravo \u00e0 lui, il fait vraiment une bonne course, mais j&rsquo;aurais aim\u00e9 \u00eatre dans une meilleure position \u00e0 l&rsquo;heure qu&rsquo;il est. On ne peut jamais rayer le\u00a0classement g\u00e9n\u00e9ral, mais ce sera vraiment difficile de remonter tant de temps, donc je pense Paddy a plus a perdre que nous \u00e0 pr\u00e9sent.\u00a0\u00bb<\/em><\/p>\n","protected":false},"excerpt":{"rendered":"<p>D\u00e9j\u00e0 \u00e0 l&rsquo;offensive jeudi, Michael Woods a remis le couvert ce vendredi sur le Tour Down Under. Toutefois, bien que fringuant et d\u00e9sireux d&rsquo;aller de l&rsquo;avant, ni l&rsquo;une ni l&rsquo;autre de ses attaques ne lui ont jusque l\u00e0 permis d&rsquo;engranger un quelconque avantage au classement g\u00e9n\u00e9ral. Dans la quatri\u00e8me \u00e9tape du jour, en compagnie de &hellip;<\/p>\n","protected":false},"author":5,"featured_media":99419,"comment_status":"open","ping_status":"open","sticky":false,"template":"","format":"standard","meta":{"footnotes":""},"categories":[11,15,55],"tags":[],"class_list":["post-99417","post","type-post","status-publish","format-standard","has-post-thumbnail","hentry","category-news-niveau-2","category-route","category-tour-down-under"],"_links":{"self":[{"href":"https:\/\/cyclingpro.net\/velopro\/wp-json\/wp\/v2\/posts\/99417","targetHints":{"allow":["GET"]}}],"collection":[{"href":"https:\/\/cyclingpro.net\/velopro\/wp-json\/wp\/v2\/posts"}],"about":[{"href":"https:\/\/cyclingpro.net\/velopro\/wp-json\/wp\/v2\/types\/post"}],"author":[{"embeddable":true,"href":"https:\/\/cyclingpro.net\/velopro\/wp-json\/wp\/v2\/users\/5"}],"replies":[{"embeddable":true,"href":"https:\/\/cyclingpro.net\/velopro\/wp-json\/wp\/v2\/comments?post=99417"}],"version-history":[{"count":0,"href":"https:\/\/cyclingpro.net\/velopro\/wp-json\/wp\/v2\/posts\/99417\/revisions"}],"wp:featuredmedia":[{"embeddable":true,"href":"https:\/\/cyclingpro.net\/velopro\/wp-json\/wp\/v2\/media\/99419"}],"wp:attachment":[{"href":"https:\/\/cyclingpro.net\/velopro\/wp-json\/wp\/v2\/media?parent=99417"}],"wp:term":[{"taxonomy":"category","embeddable":true,"href":"https:\/\/cyclingpro.net\/velopro\/wp-json\/wp\/v2\/categories?post=99417"},{"taxonomy":"post_tag","embeddable":true,"href":"https:\/\/cyclingpro.net\/velopro\/wp-json\/wp\/v2\/tags?post=99417"}],"curies":[{"name":"wp","href":"https:\/\/api.w.org\/{rel}","templated":true}]}}