{"id":99216,"date":"2019-01-15T11:20:22","date_gmt":"2019-01-15T10:20:22","guid":{"rendered":"https:\/\/cyclingpro.net\/velopro\/?p=99216"},"modified":"2019-01-15T12:08:40","modified_gmt":"2019-01-15T11:08:40","slug":"le-tramadol-sera-bien-interdit-des-le-1e-mars-2019","status":"publish","type":"post","link":"https:\/\/cyclingpro.net\/velopro\/dopage\/le-tramadol-sera-bien-interdit-des-le-1e-mars-2019\/","title":{"rendered":"Le Tramadol sera bien interdit d\u00e8s le 1e mars 2019"},"content":{"rendered":"<p>L&rsquo;Union Cycliste Internationale vient de confirmer que l&rsquo;usage du Tramadol sera bel et bien interdit \u00e0 partir du 1e mars 2019, conform\u00e9ment \u00e0 ce que David Lappartient avait annonc\u00e9 en novembre dernier (<a href=\"https:\/\/cyclingpro.net\/velopro\/news\/decalage-du-giro-mondiaux-en-afrique-tramadol-david-lappartient-sexprime\/\">lire ici<\/a>). Le contr\u00f4le pourra \u00eatre fait \u00e0 partir de douze heures avant la course et jusqu&rsquo;\u00e0 l&rsquo;arriv\u00e9e. En cas de positivit\u00e9, le coureur sera exclu de la course et \u00e9copera d&rsquo;une amende de 5 000CHF. Il n&rsquo;y a pas de suspension pr\u00e9vue au premier test positif, en revanche une deuxi\u00e8me infraction entrainerait cinq mois de suspension et une troisi\u00e8me infraction provoquerait neuf mois suppl\u00e9mentaires de suspension.<\/p>\n<p>Par ailleurs si une m\u00eame \u00e9quipe poss\u00e8de dans ses rangs deux coureurs contr\u00f4l\u00e9s positif au tramadol sur une p\u00e9riode de 12 mois, elle \u00e9copera d&rsquo;une amende de 50 000CHF. Et si apr\u00e8s \u00e7a un nouveau cas est d\u00e9tect\u00e9, toujours dans cette p\u00e9riode de douze mois, la commission disciplinaire de l&rsquo;UCI se r\u00e9unira pour d\u00e9cider d&rsquo;une suspension allant de 1 \u00e0&#8230; 12 mois ! En ce qui concerne le test en lui-m\u00eame, il suffit d&rsquo;une goute de sang pr\u00e9lev\u00e9e sur le bout d&rsquo;un doigt. Les r\u00e9sultats sont ensuite connus sous un d\u00e9lai de 4 \u00e0 5 jours.<\/p>\n","protected":false},"excerpt":{"rendered":"<p>L&rsquo;Union Cycliste Internationale vient de confirmer que l&rsquo;usage du Tramadol sera bel et bien interdit \u00e0 partir du 1e mars 2019, conform\u00e9ment \u00e0 ce que David Lappartient avait annonc\u00e9 en novembre dernier (lire ici). Le contr\u00f4le pourra \u00eatre fait \u00e0 partir de douze heures avant la course et jusqu&rsquo;\u00e0 l&rsquo;arriv\u00e9e. En cas de positivit\u00e9, le &hellip;<\/p>\n","protected":false},"author":4,"featured_media":26828,"comment_status":"open","ping_status":"open","sticky":false,"template":"","format":"standard","meta":{"footnotes":""},"categories":[12,195,15],"tags":[],"class_list":["post-99216","post","type-post","status-publish","format-standard","has-post-thumbnail","hentry","category-non-classe","category-dopage","category-route"],"_links":{"self":[{"href":"https:\/\/cyclingpro.net\/velopro\/wp-json\/wp\/v2\/posts\/99216","targetHints":{"allow":["GET"]}}],"collection":[{"href":"https:\/\/cyclingpro.net\/velopro\/wp-json\/wp\/v2\/posts"}],"about":[{"href":"https:\/\/cyclingpro.net\/velopro\/wp-json\/wp\/v2\/types\/post"}],"author":[{"embeddable":true,"href":"https:\/\/cyclingpro.net\/velopro\/wp-json\/wp\/v2\/users\/4"}],"replies":[{"embeddable":true,"href":"https:\/\/cyclingpro.net\/velopro\/wp-json\/wp\/v2\/comments?post=99216"}],"version-history":[{"count":0,"href":"https:\/\/cyclingpro.net\/velopro\/wp-json\/wp\/v2\/posts\/99216\/revisions"}],"wp:featuredmedia":[{"embeddable":true,"href":"https:\/\/cyclingpro.net\/velopro\/wp-json\/wp\/v2\/media\/26828"}],"wp:attachment":[{"href":"https:\/\/cyclingpro.net\/velopro\/wp-json\/wp\/v2\/media?parent=99216"}],"wp:term":[{"taxonomy":"category","embeddable":true,"href":"https:\/\/cyclingpro.net\/velopro\/wp-json\/wp\/v2\/categories?post=99216"},{"taxonomy":"post_tag","embeddable":true,"href":"https:\/\/cyclingpro.net\/velopro\/wp-json\/wp\/v2\/tags?post=99216"}],"curies":[{"name":"wp","href":"https:\/\/api.w.org\/{rel}","templated":true}]}}