{"id":99126,"date":"2019-01-14T11:29:47","date_gmt":"2019-01-14T10:29:47","guid":{"rendered":"https:\/\/cyclingpro.net\/velopro\/?p=99126"},"modified":"2019-01-14T11:37:31","modified_gmt":"2019-01-14T10:37:31","slug":"tour-down-under-la-startlist-definitive","status":"publish","type":"post","link":"https:\/\/cyclingpro.net\/velopro\/course\/tour-down-under\/tour-down-under-la-startlist-definitive\/","title":{"rendered":"Tour Down Under : La startlist d\u00e9finitive"},"content":{"rendered":"<p style=\"text-align: justify;\">Le Tour Down Under, premi\u00e8re v\u00e9ritable course internationale de la saison, et \u00e9preuve d&rsquo;ouverture du calendrier WorldTour, d\u00e9marre ce mardi tr\u00e8s t\u00f4t &#8211; heure fran\u00e7aise -. Les dix-neuf \u00e9quipes du plateau (18 WorldTour + la s\u00e9lection australienne) sont au complet, et voici donc la toute premi\u00e8re liste des partants pour un \u00e9v\u00e8nement sur route de premier plan en 2019.<\/p>\n<p style=\"text-align: justify;\"><strong>Mitchelton-SCOTT\u00a0\u2713<br \/>\n<\/strong>1. Daryl Impey<br \/>\n2. Luke Durbridge<br \/>\n3. Alex Edmondson<br \/>\n4. Lucas Hamilton<br \/>\n5. Mathew Hayman<br \/>\n6. Michael Hepburn<br \/>\n7. Cameron Meyer<\/p>\n<p style=\"text-align: justify;\"><strong>BORA-hansgrohe\u00a0\u2713<br \/>\n<\/strong>11. Peter Sagan<br \/>\n12. Maciej Bodnar<br \/>\n13. Oscar Gatto<br \/>\n14. Jay McCarthy<br \/>\n15. Gregor M\u00fchlberger<br \/>\n16. Daniel Oss<br \/>\n17. Lukas P\u00f6stlberger<\/p>\n<p style=\"text-align: justify;\"><strong>Trek-Segafredo\u00a0\u2713<br \/>\n<\/strong>21. Richie Porte<br \/>\n22. William Clarke<br \/>\n23. Koen De Kort<br \/>\n24.\u00a0Jarlinson Pantano<br \/>\n25. Ryan Mullen<br \/>\n26. Kiel Reijnen<br \/>\n27. Peter Stetina<\/p>\n<p style=\"text-align: justify;\"><strong>Lotto Soudal\u00a0\u2713<br \/>\n<\/strong>31. Caleb Ewan<br \/>\n32. Adam Blythe<br \/>\n33. Tomasz Marczynski<br \/>\n34. Carl Hagen<br \/>\n35. Adam Hansen<br \/>\n36. Roger Kluge<br \/>\n37. Thomas De Gendt<\/p>\n<p style=\"text-align: justify;\"><strong>UAE Team Emirates\u00a0\u2713<br \/>\n<\/strong>41. Sven Erik Bystrom<br \/>\n42. Rory Sutherland<br \/>\n43. Ivo Oliveira<br \/>\n44. Jasper Philipsen<br \/>\n45. Tadej Poga\u010dar<br \/>\n46. Jan Polanc<br \/>\n47. Diego Ulissi<\/p>\n<p style=\"text-align: justify;\"><strong>Team Dimension Data\u00a0\u2713<br \/>\n<\/strong>51. Michael Valgren<br \/>\n52. Lars Bak<br \/>\n53. Nic Dlamini<br \/>\n54. Ryan Gibbons<br \/>\n55. Ben O\u2019Connor<br \/>\n56. Scott Davies<br \/>\n57. Tom-Jelte Slagter<\/p>\n<p style=\"text-align: justify;\"><strong>Bahrain-Merida\u00a0\u2713<br \/>\n<\/strong>61. Domenico Pozzovivo<br \/>\n62. Phil Bauhaus<br \/>\n63. Rohan Dennis<br \/>\n64. Heinrich Haussler<br \/>\n65. Hermann Pernsteiner<br \/>\n66. Yukiya Arashiro<br \/>\n67. Marcel Sieberg<\/p>\n<p style=\"text-align: justify;\"><strong>EF Education First Pro Cycling\u00a0\u2713<br \/>\n<\/strong>71. Michael Woods<br \/>\n72. Mitchell Docker<br \/>\n73. Daniel McClay<br \/>\n74. Lachlan Morton<br \/>\n75. Thomas Scully<br \/>\n76. James Whelan<br \/>\n77. Alberto Bettiol<\/p>\n<p style=\"text-align: justify;\"><strong>Team Sunweb\u00a0\u2713<br \/>\n<\/strong>81. Cees Bol<br \/>\n82. Johannes Fr\u00f6hlinger<br \/>\n83. Chris Hamilton<br \/>\n84. Jai Hindley<br \/>\n85. Max Kanter<br \/>\n86. Michael Storer<br \/>\n87. Max Walscheid<\/p>\n<p style=\"text-align: justify;\"><strong>AG2R La Mondiale\u00a0\u2713<br \/>\n<\/strong>91. Pierre Latour<br \/>\n92. Gediminas Bagdonas<br \/>\n93. Clement Chevrier<br \/>\n94. Benoit Cosnefroy<br \/>\n95. Nico Denz<br \/>\n96. Hubert Dupont<br \/>\n97. Nans Peters<\/p>\n<p style=\"text-align: justify;\"><strong>Astana Pro Team\u00a0\u2713<br \/>\n<\/strong>101. Davide Ballerini<br \/>\n102. Manuele Boaro<br \/>\n103. Laurens De Vreese<br \/>\n104. Danil Fominykh<br \/>\n105. Yevgeniy Gidich<br \/>\n106. Artyom Zakharov<br \/>\n107. Luis Leon Sanchez<\/p>\n<p style=\"text-align: justify;\"><strong>Team Katusha Alpecin\u00a0\u2713<br \/>\n<\/strong>111. Alex Dowsett<br \/>\n112. Jens Debusschere<br \/>\n113. Ruben Guerreiro<br \/>\n114. Nathan Haas<br \/>\n115. Marco Haller<br \/>\n116. Viacheslav Kuznetsov<br \/>\n117. Dimitrii Strakhov<\/p>\n<p style=\"text-align: justify;\"><strong>Groupama-FDJ\u00a0\u2713<br \/>\n<\/strong>121. Miles Scotson<br \/>\n122. Daniel Hoelgaard<br \/>\n123. Matthieu Ladagnous<br \/>\n124. Tobias Ludvigsson<br \/>\n125. Steve Morabito<br \/>\n126. Kilian Frankiny<br \/>\n127. Leo Vincent<\/p>\n<p style=\"text-align: justify;\"><strong>Movistar Team\u00a0\u2713<br \/>\n<\/strong>131. H\u00e9ctor Carretero<br \/>\n132. Jaime Castrillo<br \/>\n133. Rub\u00e9n Fernandez<br \/>\n134. Llu\u00eds Mas<br \/>\n135. Edu Prades<br \/>\n136. Jasha S\u00fctterlin<br \/>\n137. Rafael Valls<\/p>\n<p style=\"text-align: justify;\"><strong>Deceuninck \u2013 Quickstep\u00a0\u2713<br \/>\n<\/strong>141. Elia Viviani<br \/>\n142. Fabio Sabatini<br \/>\n143. Michael M\u00f8rk\u00f8v<br \/>\n144. Mikkel Honore<br \/>\n145. Dries Devenyns<br \/>\n146. James Knox<br \/>\n147. Remi Cavagna<\/p>\n<p style=\"text-align: justify;\"><strong>Team Jumbo-Visma\u00a0\u2713<br \/>\n<\/strong>151. George Bennett<br \/>\n152. Robert Gesink<br \/>\n153. Lennard Hofstede<br \/>\n154. Bert Jan Lindeman<br \/>\n155. Tom Leezer<br \/>\n156. Danny van Poppel<br \/>\n157. Maarten Wynants<\/p>\n<p style=\"text-align: justify;\"><strong>Team Sky\u00a0\u2713<br \/>\n<\/strong>161. Owain Doull<br \/>\n162. Kenny Elissonde<br \/>\n163. Kristoffer Halvorsen<br \/>\n164. Christian Knees<br \/>\n165. Wout Poels<br \/>\n166. Luke Rowe<br \/>\n167. Dylan Van Baarle<\/p>\n<p style=\"text-align: justify;\"><strong>CCC Team\u00a0\u2713<br \/>\n<\/strong>171. Patrick Bevin<br \/>\n172. Victor De La Parte<br \/>\n173. Jakub Mareczko<br \/>\n174. Lukasz Owsian<br \/>\n175. Jospeh Rosskopf<br \/>\n176. Francisco Ventoso<br \/>\n177. Michael Sajnok<\/p>\n<p style=\"text-align: justify;\"><strong>UniSA-Australia\u00a0\u2713<br \/>\n<\/strong>181. Chris Harper<br \/>\n182. Jason Lea<br \/>\n183. Dylan Sunderland<br \/>\n184. Ayden Toovey<br \/>\n185. Neil Van der Ploeg<br \/>\n186. Nick White<br \/>\n187. Michael Potter<\/p>\n","protected":false},"excerpt":{"rendered":"<p>Le Tour Down Under, premi\u00e8re v\u00e9ritable course internationale de la saison, et \u00e9preuve d&rsquo;ouverture du calendrier WorldTour, d\u00e9marre ce mardi tr\u00e8s t\u00f4t &#8211; heure fran\u00e7aise -. Les dix-neuf \u00e9quipes du plateau (18 WorldTour + la s\u00e9lection australienne) sont au complet, et voici donc la toute premi\u00e8re liste des partants pour un \u00e9v\u00e8nement sur route de &hellip;<\/p>\n","protected":false},"author":5,"featured_media":99128,"comment_status":"open","ping_status":"open","sticky":false,"template":"","format":"standard","meta":{"footnotes":""},"categories":[11,15,16,55],"tags":[],"class_list":["post-99126","post","type-post","status-publish","format-standard","has-post-thumbnail","hentry","category-news-niveau-2","category-route","category-startlist","category-tour-down-under"],"_links":{"self":[{"href":"https:\/\/cyclingpro.net\/velopro\/wp-json\/wp\/v2\/posts\/99126","targetHints":{"allow":["GET"]}}],"collection":[{"href":"https:\/\/cyclingpro.net\/velopro\/wp-json\/wp\/v2\/posts"}],"about":[{"href":"https:\/\/cyclingpro.net\/velopro\/wp-json\/wp\/v2\/types\/post"}],"author":[{"embeddable":true,"href":"https:\/\/cyclingpro.net\/velopro\/wp-json\/wp\/v2\/users\/5"}],"replies":[{"embeddable":true,"href":"https:\/\/cyclingpro.net\/velopro\/wp-json\/wp\/v2\/comments?post=99126"}],"version-history":[{"count":0,"href":"https:\/\/cyclingpro.net\/velopro\/wp-json\/wp\/v2\/posts\/99126\/revisions"}],"wp:featuredmedia":[{"embeddable":true,"href":"https:\/\/cyclingpro.net\/velopro\/wp-json\/wp\/v2\/media\/99128"}],"wp:attachment":[{"href":"https:\/\/cyclingpro.net\/velopro\/wp-json\/wp\/v2\/media?parent=99126"}],"wp:term":[{"taxonomy":"category","embeddable":true,"href":"https:\/\/cyclingpro.net\/velopro\/wp-json\/wp\/v2\/categories?post=99126"},{"taxonomy":"post_tag","embeddable":true,"href":"https:\/\/cyclingpro.net\/velopro\/wp-json\/wp\/v2\/tags?post=99126"}],"curies":[{"name":"wp","href":"https:\/\/api.w.org\/{rel}","templated":true}]}}