{"id":98913,"date":"2019-01-11T09:29:08","date_gmt":"2019-01-11T08:29:08","guid":{"rendered":"https:\/\/cyclingpro.net\/velopro\/?p=98913"},"modified":"2019-01-11T10:16:32","modified_gmt":"2019-01-11T09:16:32","slug":"pascal-eenkhoorn-se-blesse-a-lentrainement","status":"publish","type":"post","link":"https:\/\/cyclingpro.net\/velopro\/infirmerie\/pascal-eenkhoorn-se-blesse-a-lentrainement\/","title":{"rendered":"Pascal Eenkhoorn se blesse \u00e0 l&rsquo;entrainement"},"content":{"rendered":"<p>Alors qu&rsquo;il s&rsquo;entrainait en Espagne,\u00a0Pascal Eenkhoorn est tomb\u00e9 et s&rsquo;est fait mal selon ses dires m\u00eame si on ne conna\u00eet pas l&rsquo;\u00e9tendu de ses blessures. Le N\u00e9erlandais de Jumbo &#8211; Visma expliquait dans un tweet : \u00ab\u00a0<em>Malheureusement je suis lourdement tomb\u00e9 aujourd&rsquo;hui alors que je faisais un sprint en c\u00f4te. Ma cha\u00eene s&rsquo;est bris\u00e9e et je me suis retourn\u00e9 avant de tomber de quelques m\u00e8tres en contrebas. Il y a de gros d\u00e9g\u00e2ts mais je ne sais pas pour combien de temps je serai indisponible<\/em>\u00ab\u00a0.<\/p>\n<p>&nbsp;<\/p>\n<blockquote class=\"twitter-tweet\" data-lang=\"en-gb\">\n<p dir=\"ltr\" lang=\"en\">Unfortunately crashed hard today while doing a sprint uphill. My chain broke and I ended up flipping over and fell a few meters down. Some serious damage but still unknown how long I\u2019ll be out of running. Want to thank <a href=\"https:\/\/twitter.com\/cyclesierra?ref_src=twsrc%5Etfw\">@cyclesierra<\/a> &amp; <a href=\"https:\/\/twitter.com\/JumboVismaRoad?ref_src=twsrc%5Etfw\">@JumboVismaRoad<\/a> for the care taking! <a href=\"https:\/\/t.co\/aKEFIXxcbS\">pic.twitter.com\/aKEFIXxcbS<\/a><\/p>\n<p>\u2014 Pascal Eenkhoorn (@PascalEenkhoorn) <a href=\"https:\/\/twitter.com\/PascalEenkhoorn\/status\/1083435720969207808?ref_src=twsrc%5Etfw\">10 January 2019<\/a><\/p><\/blockquote>\n<p><script async src=\"https:\/\/platform.twitter.com\/widgets.js\" charset=\"utf-8\"><\/script><\/p>\n","protected":false},"excerpt":{"rendered":"<p>Alors qu&rsquo;il s&rsquo;entrainait en Espagne,\u00a0Pascal Eenkhoorn est tomb\u00e9 et s&rsquo;est fait mal selon ses dires m\u00eame si on ne conna\u00eet pas l&rsquo;\u00e9tendu de ses blessures. Le N\u00e9erlandais de Jumbo &#8211; Visma expliquait dans un tweet : \u00ab\u00a0Malheureusement je suis lourdement tomb\u00e9 aujourd&rsquo;hui alors que je faisais un sprint en c\u00f4te. Ma cha\u00eene s&rsquo;est bris\u00e9e et &hellip;<\/p>\n","protected":false},"author":4,"featured_media":98918,"comment_status":"open","ping_status":"open","sticky":false,"template":"","format":"standard","meta":{"footnotes":""},"categories":[12,41,15],"tags":[],"class_list":["post-98913","post","type-post","status-publish","format-standard","has-post-thumbnail","hentry","category-non-classe","category-infirmerie","category-route"],"_links":{"self":[{"href":"https:\/\/cyclingpro.net\/velopro\/wp-json\/wp\/v2\/posts\/98913","targetHints":{"allow":["GET"]}}],"collection":[{"href":"https:\/\/cyclingpro.net\/velopro\/wp-json\/wp\/v2\/posts"}],"about":[{"href":"https:\/\/cyclingpro.net\/velopro\/wp-json\/wp\/v2\/types\/post"}],"author":[{"embeddable":true,"href":"https:\/\/cyclingpro.net\/velopro\/wp-json\/wp\/v2\/users\/4"}],"replies":[{"embeddable":true,"href":"https:\/\/cyclingpro.net\/velopro\/wp-json\/wp\/v2\/comments?post=98913"}],"version-history":[{"count":0,"href":"https:\/\/cyclingpro.net\/velopro\/wp-json\/wp\/v2\/posts\/98913\/revisions"}],"wp:featuredmedia":[{"embeddable":true,"href":"https:\/\/cyclingpro.net\/velopro\/wp-json\/wp\/v2\/media\/98918"}],"wp:attachment":[{"href":"https:\/\/cyclingpro.net\/velopro\/wp-json\/wp\/v2\/media?parent=98913"}],"wp:term":[{"taxonomy":"category","embeddable":true,"href":"https:\/\/cyclingpro.net\/velopro\/wp-json\/wp\/v2\/categories?post=98913"},{"taxonomy":"post_tag","embeddable":true,"href":"https:\/\/cyclingpro.net\/velopro\/wp-json\/wp\/v2\/tags?post=98913"}],"curies":[{"name":"wp","href":"https:\/\/api.w.org\/{rel}","templated":true}]}}