{"id":98223,"date":"2018-12-21T18:54:18","date_gmt":"2018-12-21T17:54:18","guid":{"rendered":"https:\/\/cyclingpro.net\/velopro\/?p=98223"},"modified":"2018-12-21T18:55:52","modified_gmt":"2018-12-21T17:55:52","slug":"warren-barguil-de-retour-sur-le-challenge-de-majorque","status":"publish","type":"post","link":"https:\/\/cyclingpro.net\/velopro\/course\/challenge-mallorca\/warren-barguil-de-retour-sur-le-challenge-de-majorque\/","title":{"rendered":"Warren Barguil de retour sur le Challenge de Majorque"},"content":{"rendered":"<p>Warren Barguil (Ark\u00e9a &#8211; Samsic) d\u00e9butera sa saison 2019 sur le Challenge de Majorque dont il disputera la premi\u00e8re manche (31 janvier), qui proposera une arriv\u00e9e au sommet in\u00e9dite (<a href=\"https:\/\/cyclingpro.net\/velopro\/news\/lactu-en-bref-le-parcours-du-challenge-de-majorque-avec-une-arrivee-au-sommet-euskadi-murias-et-bizkaia-divorcent\/\">voir ici le parcours<\/a>) et la troisi\u00e8me (2 f\u00e9vrier). Il prendra ensuite part au Tour La Provence (14-17 f\u00e9vrier). Andr\u00e9 Greipel, la recrue de l&rsquo;\u00e9quipe bretonne, fera lui ses d\u00e9buts comme pr\u00e9vu \u00e0 la Tropicale Amissa Bongo (21-27 janvier, <a href=\"https:\/\/cyclingpro.net\/velopro\/course\/tropicale-amissa-bongo\/andre-greipel-annonce-sur-la-tropicale-amissa-bongo\/\">lire ici<\/a>) puis ira lui aussi sur le Challenge de Majorque, o\u00f9 il ne disputera que la derni\u00e8re course (3 f\u00e9vrier) avant de partir vers le Tour d&rsquo;Oman (16-21 f\u00e9vrier).<\/p>\n","protected":false},"excerpt":{"rendered":"<p>Warren Barguil (Ark\u00e9a &#8211; Samsic) d\u00e9butera sa saison 2019 sur le Challenge de Majorque dont il disputera la premi\u00e8re manche (31 janvier), qui proposera une arriv\u00e9e au sommet in\u00e9dite (voir ici le parcours) et la troisi\u00e8me (2 f\u00e9vrier). Il prendra ensuite part au Tour La Provence (14-17 f\u00e9vrier). Andr\u00e9 Greipel, la recrue de l&rsquo;\u00e9quipe bretonne, &hellip;<\/p>\n","protected":false},"author":4,"featured_media":73634,"comment_status":"open","ping_status":"open","sticky":false,"template":"","format":"standard","meta":{"footnotes":""},"categories":[12,31,15,37,53,68],"tags":[],"class_list":["post-98223","post","type-post","status-publish","format-standard","has-post-thumbnail","hentry","category-non-classe","category-challenge-mallorca","category-route","category-tour-of-oman","category-tour-la-provence","category-tropicale-amissa-bongo"],"_links":{"self":[{"href":"https:\/\/cyclingpro.net\/velopro\/wp-json\/wp\/v2\/posts\/98223","targetHints":{"allow":["GET"]}}],"collection":[{"href":"https:\/\/cyclingpro.net\/velopro\/wp-json\/wp\/v2\/posts"}],"about":[{"href":"https:\/\/cyclingpro.net\/velopro\/wp-json\/wp\/v2\/types\/post"}],"author":[{"embeddable":true,"href":"https:\/\/cyclingpro.net\/velopro\/wp-json\/wp\/v2\/users\/4"}],"replies":[{"embeddable":true,"href":"https:\/\/cyclingpro.net\/velopro\/wp-json\/wp\/v2\/comments?post=98223"}],"version-history":[{"count":0,"href":"https:\/\/cyclingpro.net\/velopro\/wp-json\/wp\/v2\/posts\/98223\/revisions"}],"wp:featuredmedia":[{"embeddable":true,"href":"https:\/\/cyclingpro.net\/velopro\/wp-json\/wp\/v2\/media\/73634"}],"wp:attachment":[{"href":"https:\/\/cyclingpro.net\/velopro\/wp-json\/wp\/v2\/media?parent=98223"}],"wp:term":[{"taxonomy":"category","embeddable":true,"href":"https:\/\/cyclingpro.net\/velopro\/wp-json\/wp\/v2\/categories?post=98223"},{"taxonomy":"post_tag","embeddable":true,"href":"https:\/\/cyclingpro.net\/velopro\/wp-json\/wp\/v2\/tags?post=98223"}],"curies":[{"name":"wp","href":"https:\/\/api.w.org\/{rel}","templated":true}]}}