{"id":97586,"date":"2018-12-12T11:50:38","date_gmt":"2018-12-12T10:50:38","guid":{"rendered":"https:\/\/cyclingpro.net\/velopro\/?p=97586"},"modified":"2018-12-12T14:03:48","modified_gmt":"2018-12-12T13:03:48","slug":"ca-bouge-dans-la-nouvelle-equipe-de-floyd-landis","status":"publish","type":"post","link":"https:\/\/cyclingpro.net\/velopro\/mercato\/ca-bouge-dans-la-nouvelle-equipe-de-floyd-landis\/","title":{"rendered":"\u00c7a bouge dans la nouvelle \u00e9quipe de Floyd Landis !"},"content":{"rendered":"<p>En octobre dernier Floyd Landis cr\u00e9ait la surprise (ou la consternation) en reprenant l&rsquo;\u00e9quipe Silber Pro Cycling. Landis, vainqueur d\u00e9chu du Tour de France 2006, qui fut en partie \u00e0 l&rsquo;origine de la chute de Lance Armstrong, avait d\u00e9fray\u00e9 la chronique en se servant de l&rsquo;argent gagn\u00e9 en poursuites judiciaires contre Armstrong pour monter son business de&#8230; produits d\u00e9riv\u00e9s du cannabis. Car chez lui, dans le Colorado,\u00a0l\u2019usage de la marijuana \u00e0 des fins th\u00e9rapeutiques est l\u00e9gal. Mais Landis disposait aussi de 750 000$ qu&rsquo;il voulait investir dans une \u00e9quipe cycliste. Il racheta donc une partie de l&rsquo;\u00e9quipe continentale canadienne Silber Pro Cycling avec l&rsquo;id\u00e9e de la renommer\u00a0Floyd\u2019s Of Leadville Pro Cycling Team.\u00a0Floyd\u2019s Of Leadville est en r\u00e9alit\u00e9 la marque des produits d\u00e9riv\u00e9s du cannabis de Landis. Ce qui s&rsquo;apparentait au d\u00e9but \u00e0 une (mauvaise ?) blague s&rsquo;est en plus vite heurt\u00e9 \u00e0 un probl\u00e8me juridique : malgr\u00e9 que le Canada vienne d&rsquo;autoriser l&rsquo;usage de marijuana, sa l\u00e9gislation n&rsquo;autorise apparemment pas la publicit\u00e9 pour le cannabis (comme en France les publicit\u00e9s par l&rsquo;alcool et le tabac sont tr\u00e8s r\u00e9glement\u00e9s, m\u00eame si dans le cas canadien, les textes sont assez flous).<\/p>\n<p>\u00ab\u00a0<em>Avant de commencer le projet, nous avions confiance que cela pouvait \u00eatre fait parce que Floyd&rsquo;s of Leadville ne vend que des produits de CBD d\u00e9riv\u00e9s de la marijuana qui ne contiennent pas de THC et qui sont sp\u00e9cifiquement mis sur le march\u00e9 pour les athl\u00e8tes<\/em>\u00ab\u00a0, expliquait alors Scott\u00a0McFarlane, copropri\u00e9taire de l&rsquo;\u00e9quipe, \u00e0 <a href=\"https:\/\/www.lapresse.ca\/sports\/autres-sports\/cyclisme\/201810\/17\/01-5200603-equipe-de-floyd-landis-au-quebec-des-batons-dans-les-roues.php\">La Presse<\/a>. Malgr\u00e9 \u00e7a, il faut donc d\u00e9j\u00e0 changer de nom pour la nouvelle \u00e9quipe de Landis. Ce sera Floyd&rsquo;s Pro Cycling a t-on appris hier.<\/p>\n<p>Finalement, apr\u00e8s ces petits tracas, la structure dirig\u00e9e dans les faits par Gordon Fraser, ancien co\u00e9quipier de Landis, directeur sportif chez Silber Pro Cycling cette ann\u00e9e et \u00e0 qui Landis a confi\u00e9 la direction sportive de l&rsquo;\u00e9quipe, a annonc\u00e9 des recrutements. Et pas des moindres, surtout pour une \u00e9quipe continentale Nord-Am\u00e9ricaine. Floyd&rsquo;s Pro Cycling s&rsquo;est notamment appuy\u00e9 sur la disparition de UnitedHealthcare (Continentale Pro) pour recruter trois de ses meilleurs \u00e9l\u00e9ments : le sprinteur Travis McCabe, le deuxi\u00e8me de la derni\u00e8re Colorado Classic (course par \u00e9tapes montagneuse) Serghei \u021avetcov et l&rsquo;exp\u00e9riment\u00e9\u00a0Jonathan Clarke. En plus de \u00e7a, Keegan Swirbul (de la bient\u00f4t d\u00e9funte\u00a0Jelly Belly p\/b Maxxis) va aussi rejoindre l&rsquo;\u00e9quipe en compagnie de deux jeunes canadiens : Carson Miles et Robin Palmondon. Il y aura aussi un autre jeune canadien :\u00a0Nick Zukowsky, qui \u00e9voluait d\u00e9j\u00e0 chez Silber Pro Cycling ces deux derni\u00e8res saisons.<\/p>\n<p>Voil\u00e0 la structure canadienne arm\u00e9e pour pourquoi pas faire quelques coups d&rsquo;\u00e9clat sur le calendrier nord-am\u00e9ricain. Et pour ceux qui condamnent le retour de Landis, voil\u00e0 ce que l&rsquo;Am\u00e9ricain a \u00e0 r\u00e9pondre (\u00e0 <a href=\"https:\/\/www.lapresse.ca\/sports\/autres-sports\/cyclisme\/201810\/17\/01-5200603-equipe-de-floyd-landis-au-quebec-des-batons-dans-les-roues.php\">La Presse<\/a>) : \u00ab\u00a0<em>Je me sens coupable de ce qui est arriv\u00e9, mais tu ne peux jamais revenir en arri\u00e8re et changer les d\u00e9cisions que tu as prises. Au moins, les gens peuvent voir que je suis pr\u00eat \u00e0 passer \u00e0\u00a0autre chose<\/em>\u00ab\u00a0. \u00ab\u00a0<em>N&rsquo;oublions pas que l&rsquo;\u00e9quipe est financ\u00e9e en grande partie par l&rsquo;entente sur la poursuite d\u00e9nonciatrice contre Lance Armstrong<\/em>\u00ab\u00a0, poursuit son associ\u00e9\u00a0McFarlane. Et Landis de conclure pour l\u00e9gitimer son investissement : \u00ab\u00a0<em>Je ne veux pas faire un profit sur la p\u00e9riode o\u00f9 j&rsquo;ai trich\u00e9<\/em>\u00ab\u00a0. Une op\u00e9ration rachat donc ?<\/p>\n","protected":false},"excerpt":{"rendered":"<p>En octobre dernier Floyd Landis cr\u00e9ait la surprise (ou la consternation) en reprenant l&rsquo;\u00e9quipe Silber Pro Cycling. Landis, vainqueur d\u00e9chu du Tour de France 2006, qui fut en partie \u00e0 l&rsquo;origine de la chute de Lance Armstrong, avait d\u00e9fray\u00e9 la chronique en se servant de l&rsquo;argent gagn\u00e9 en poursuites judiciaires contre Armstrong pour monter son &hellip;<\/p>\n","protected":false},"author":4,"featured_media":97603,"comment_status":"open","ping_status":"open","sticky":false,"template":"","format":"standard","meta":{"footnotes":""},"categories":[11,15,10],"tags":[],"class_list":["post-97586","post","type-post","status-publish","format-standard","has-post-thumbnail","hentry","category-news-niveau-2","category-route","category-mercato"],"_links":{"self":[{"href":"https:\/\/cyclingpro.net\/velopro\/wp-json\/wp\/v2\/posts\/97586","targetHints":{"allow":["GET"]}}],"collection":[{"href":"https:\/\/cyclingpro.net\/velopro\/wp-json\/wp\/v2\/posts"}],"about":[{"href":"https:\/\/cyclingpro.net\/velopro\/wp-json\/wp\/v2\/types\/post"}],"author":[{"embeddable":true,"href":"https:\/\/cyclingpro.net\/velopro\/wp-json\/wp\/v2\/users\/4"}],"replies":[{"embeddable":true,"href":"https:\/\/cyclingpro.net\/velopro\/wp-json\/wp\/v2\/comments?post=97586"}],"version-history":[{"count":0,"href":"https:\/\/cyclingpro.net\/velopro\/wp-json\/wp\/v2\/posts\/97586\/revisions"}],"wp:featuredmedia":[{"embeddable":true,"href":"https:\/\/cyclingpro.net\/velopro\/wp-json\/wp\/v2\/media\/97603"}],"wp:attachment":[{"href":"https:\/\/cyclingpro.net\/velopro\/wp-json\/wp\/v2\/media?parent=97586"}],"wp:term":[{"taxonomy":"category","embeddable":true,"href":"https:\/\/cyclingpro.net\/velopro\/wp-json\/wp\/v2\/categories?post=97586"},{"taxonomy":"post_tag","embeddable":true,"href":"https:\/\/cyclingpro.net\/velopro\/wp-json\/wp\/v2\/tags?post=97586"}],"curies":[{"name":"wp","href":"https:\/\/api.w.org\/{rel}","templated":true}]}}