{"id":97514,"date":"2018-12-11T11:16:21","date_gmt":"2018-12-11T10:16:21","guid":{"rendered":"https:\/\/cyclingpro.net\/velopro\/?p=97514"},"modified":"2018-12-11T11:25:36","modified_gmt":"2018-12-11T10:25:36","slug":"jempy-drucker-connait-son-debut-de-saison","status":"publish","type":"post","link":"https:\/\/cyclingpro.net\/velopro\/news\/jempy-drucker-connait-son-debut-de-saison\/","title":{"rendered":"Jempy Drucker connait son d\u00e9but de saison"},"content":{"rendered":"<p style=\"text-align: justify;\">C&rsquo;est avec de nouvelles couleurs que Jempy Drucker lancera le mois prochain sa saison 2019. Le Luxembourgeois de 31 ans a fait le choix de quitter la structure BMC (future CCC) pour rejoindre l&rsquo;\u00e9quipe Bora-hansgrohe de Peter Sagan. Il est d&rsquo;ailleurs appel\u00e9 \u00e0 occuper un r\u00f4le important aupr\u00e8s du triple champion du monde. <em>\u00ab\u00a0J&rsquo;ai \u00e9t\u00e9 engag\u00e9 pour l&rsquo;aider le mieux possible sur les Classiques Flandriennes<\/em>, a-t-il certifi\u00e9 aupr\u00e8s de Wort.lu.<em> Je d\u00e9barque avec pas mal d&rsquo;exp\u00e9rience dans ce domaine apr\u00e8s avoir couru quelques ann\u00e9es au c\u00f4t\u00e9 de Greg Van Avermaet qui est aussi une r\u00e9f\u00e9rence dans ce domaine.\u00a0\u00bb<\/em><\/p>\n<p style=\"text-align: justify;\">En pr\u00e9vision de la campagne printani\u00e8re, qu&rsquo;il semble assur\u00e9 de disputer, Jempy Drucker pr\u00e9voit donc de d\u00e9marrer sa saison sur le Challenge de Majorque, \u00e0 cheval entre les mois de janvier et f\u00e9vrier. Il restera ensuite dans la p\u00e9ninsule ib\u00e9rique mais passera de l&rsquo;est \u00e0 l&rsquo;ouest pour rejoindre le Portugal et prendre part au Tour de l&rsquo;Algarve, du 20 au 24 f\u00e9vrier. L&rsquo;\u00e9preuve lusitanienne lui servira d&rsquo;ultime tremplin avant le week-end d&rsquo;ouverture, avec l&rsquo;Omloop Het Nieuwsblad et Kuurne-Bruxelles-Kuurne (2-3 mars). Ensuite, il aimerait \u00eatre au d\u00e9part de Paris-Nice, comme en 2018, pour monter en pression avant la grande p\u00e9riode des Classiques.<\/p>\n","protected":false},"excerpt":{"rendered":"<p>C&rsquo;est avec de nouvelles couleurs que Jempy Drucker lancera le mois prochain sa saison 2019. Le Luxembourgeois de 31 ans a fait le choix de quitter la structure BMC (future CCC) pour rejoindre l&rsquo;\u00e9quipe Bora-hansgrohe de Peter Sagan. Il est d&rsquo;ailleurs appel\u00e9 \u00e0 occuper un r\u00f4le important aupr\u00e8s du triple champion du monde. \u00ab\u00a0J&rsquo;ai \u00e9t\u00e9 &hellip;<\/p>\n","protected":false},"author":5,"featured_media":97518,"comment_status":"open","ping_status":"open","sticky":false,"template":"","format":"standard","meta":{"footnotes":""},"categories":[11,25,15],"tags":[],"class_list":["post-97514","post","type-post","status-publish","format-standard","has-post-thumbnail","hentry","category-news-niveau-2","category-news","category-route"],"_links":{"self":[{"href":"https:\/\/cyclingpro.net\/velopro\/wp-json\/wp\/v2\/posts\/97514","targetHints":{"allow":["GET"]}}],"collection":[{"href":"https:\/\/cyclingpro.net\/velopro\/wp-json\/wp\/v2\/posts"}],"about":[{"href":"https:\/\/cyclingpro.net\/velopro\/wp-json\/wp\/v2\/types\/post"}],"author":[{"embeddable":true,"href":"https:\/\/cyclingpro.net\/velopro\/wp-json\/wp\/v2\/users\/5"}],"replies":[{"embeddable":true,"href":"https:\/\/cyclingpro.net\/velopro\/wp-json\/wp\/v2\/comments?post=97514"}],"version-history":[{"count":0,"href":"https:\/\/cyclingpro.net\/velopro\/wp-json\/wp\/v2\/posts\/97514\/revisions"}],"wp:featuredmedia":[{"embeddable":true,"href":"https:\/\/cyclingpro.net\/velopro\/wp-json\/wp\/v2\/media\/97518"}],"wp:attachment":[{"href":"https:\/\/cyclingpro.net\/velopro\/wp-json\/wp\/v2\/media?parent=97514"}],"wp:term":[{"taxonomy":"category","embeddable":true,"href":"https:\/\/cyclingpro.net\/velopro\/wp-json\/wp\/v2\/categories?post=97514"},{"taxonomy":"post_tag","embeddable":true,"href":"https:\/\/cyclingpro.net\/velopro\/wp-json\/wp\/v2\/tags?post=97514"}],"curies":[{"name":"wp","href":"https:\/\/api.w.org\/{rel}","templated":true}]}}