{"id":97308,"date":"2018-12-08T18:23:22","date_gmt":"2018-12-08T17:23:22","guid":{"rendered":"https:\/\/cyclingpro.net\/velopro\/?p=97308"},"modified":"2018-12-08T18:23:51","modified_gmt":"2018-12-08T17:23:51","slug":"tiesj-benoot-et-tim-wellens-reprendront-au-tour-de-san-juan","status":"publish","type":"post","link":"https:\/\/cyclingpro.net\/velopro\/course\/vuelta-a-san-juan\/tiesj-benoot-et-tim-wellens-reprendront-au-tour-de-san-juan\/","title":{"rendered":"Tiesj Benoot et Tim Wellens reprendront au Tour de San Juan"},"content":{"rendered":"<p>Derni\u00e8re addition \u00e0 la liste des t\u00eates d&rsquo;affiche du Tour de San Juan 2019 (27 janvier &#8211; 3 f\u00e9vrier), Tiesj Benoot. Comme cette ann\u00e9e, le coureur de Lotto &#8211; Soudal d\u00e9marrera sa saison en Argentine.\u00a0 L&rsquo;an pass\u00e9 il n&rsquo;avait d&rsquo;ailleurs fait que le Tour de San Juan avant le week-end d&rsquo;ouverture belge (Omloop Het Nieuwsblad et Kuurne-Bruxelles-Kuurne). Pour Tim Wellens par contre ce sera une premi\u00e8re. Le Belge est un habitu\u00e9 du Challenge de Majorque (31 janvier &#8211; 3 f\u00e9vrier en 2019) et du Tour d&rsquo;Andalousie (20-24 f\u00e9vrier en 2019), dont il est d&rsquo;ailleurs le vainqueur sortant.<\/p>\n<p>Par ailleurs l&rsquo;organisation argentine a aussi rajout\u00e9 une \u00e9quipe \u00e0 la liste des formations inscrites, Team Beltrami Tsa &#8211; Argon 18 &#8211; Tre Colli (Conti), ainsi que deux s\u00e9lections nationales : Bolivie et P\u00e9rou. (<a href=\"https:\/\/cyclingpro.net\/velopro\/course\/vuelta-a-san-juan\/tour-de-san-juan-ledition-2019-presentee\/\">voir la liste compl\u00e8te des \u00e9quipes<\/a>)<\/p>\n","protected":false},"excerpt":{"rendered":"<p>Derni\u00e8re addition \u00e0 la liste des t\u00eates d&rsquo;affiche du Tour de San Juan 2019 (27 janvier &#8211; 3 f\u00e9vrier), Tiesj Benoot. Comme cette ann\u00e9e, le coureur de Lotto &#8211; Soudal d\u00e9marrera sa saison en Argentine.\u00a0 L&rsquo;an pass\u00e9 il n&rsquo;avait d&rsquo;ailleurs fait que le Tour de San Juan avant le week-end d&rsquo;ouverture belge (Omloop Het Nieuwsblad &hellip;<\/p>\n","protected":false},"author":4,"featured_media":0,"comment_status":"open","ping_status":"open","sticky":false,"template":"","format":"standard","meta":{"footnotes":""},"categories":[12,31,15,36,214],"tags":[],"class_list":["post-97308","post","type-post","status-publish","format-standard","hentry","category-non-classe","category-challenge-mallorca","category-route","category-vuelta-a-andalucia-ruta-del-sol","category-vuelta-a-san-juan"],"_links":{"self":[{"href":"https:\/\/cyclingpro.net\/velopro\/wp-json\/wp\/v2\/posts\/97308","targetHints":{"allow":["GET"]}}],"collection":[{"href":"https:\/\/cyclingpro.net\/velopro\/wp-json\/wp\/v2\/posts"}],"about":[{"href":"https:\/\/cyclingpro.net\/velopro\/wp-json\/wp\/v2\/types\/post"}],"author":[{"embeddable":true,"href":"https:\/\/cyclingpro.net\/velopro\/wp-json\/wp\/v2\/users\/4"}],"replies":[{"embeddable":true,"href":"https:\/\/cyclingpro.net\/velopro\/wp-json\/wp\/v2\/comments?post=97308"}],"version-history":[{"count":0,"href":"https:\/\/cyclingpro.net\/velopro\/wp-json\/wp\/v2\/posts\/97308\/revisions"}],"wp:attachment":[{"href":"https:\/\/cyclingpro.net\/velopro\/wp-json\/wp\/v2\/media?parent=97308"}],"wp:term":[{"taxonomy":"category","embeddable":true,"href":"https:\/\/cyclingpro.net\/velopro\/wp-json\/wp\/v2\/categories?post=97308"},{"taxonomy":"post_tag","embeddable":true,"href":"https:\/\/cyclingpro.net\/velopro\/wp-json\/wp\/v2\/tags?post=97308"}],"curies":[{"name":"wp","href":"https:\/\/api.w.org\/{rel}","templated":true}]}}