{"id":96798,"date":"2018-11-26T12:58:04","date_gmt":"2018-11-26T11:58:04","guid":{"rendered":"https:\/\/cyclingpro.net\/velopro\/?p=96798"},"modified":"2018-12-06T22:20:06","modified_gmt":"2018-12-06T21:20:06","slug":"giro-toujours-pas-daccord-avec-la-rai-la-diffusion-du-cyclisme-italien-en-danger","status":"publish","type":"post","link":"https:\/\/cyclingpro.net\/velopro\/route\/giro-toujours-pas-daccord-avec-la-rai-la-diffusion-du-cyclisme-italien-en-danger\/","title":{"rendered":"Giro : Toujours pas d&rsquo;accord avec la RAI, la diffusion du cyclisme italien en danger"},"content":{"rendered":"<p><em>Le probl\u00e8me devient r\u00e9current. \u00c0 chaque \u00e9ch\u00e9ance du contrat de diffusion du Tour d&rsquo;Italie par la Rai, les n\u00e9gociations du prochain contrat sont sources de tensions. <a href=\"https:\/\/www.ilmessaggero.it\/sport\/altrisport\/giro_d_italia_rischio_la_programmazione_televisione_manca_la_accordo_rai_ed_rcs-4129287.html\">Il Messaggero<\/a> rapportait ce week-end qu&rsquo;il n&rsquo;y avait toujours pas d&rsquo;accord entre RCS et la Rai pour la diffusion du prochain Tour d&rsquo;Italie. En cause ? RCS demanderait 18 millions d&rsquo;euros \u00e0 la Rai contre 12 millions d&rsquo;euros auparavant pour une diffusion de l&rsquo;ensemble de ses comp\u00e9titions*. Sans compter les frais de productions qui restent \u00e0 la charge de la Rai. Pire encore, m\u00eame si un accord est trouv\u00e9 avec RCS, la Rai pourrait laisser tomber la diffusion des autres \u00e9preuves italiennes en m\u00eame temps qu&rsquo;elle cherche \u00e0 acqu\u00e9rir des \u00e9preuves bon march\u00e9 comme La Vuelta (ASO).\u00a0<\/em><\/p>\n<p><span style=\"font-size: 10pt;\"><em>* Ensemble des comp\u00e9titions RCS : Strade Bianche, Tirreno Adriatico, Milan-Sanremo, Giro d&rsquo;Italia, Milan-Turin, Tour du Pi\u00e9mont et Tour de Lombardie<\/em><\/span><\/p>\n<p>RCS et les droits TV c&rsquo;est une longue histoire. D\u00e9j\u00e0 dans les ann\u00e9es 90, l&rsquo;app\u00e9tit de l&rsquo;organisateur italien l&rsquo;avait amen\u00e9 \u00e0 des conflits avec les diffuseurs publics europ\u00e9ens. Et m\u00eame en Italie, l&rsquo;\u00e9preuve est pass\u00e9e au r\u00e9seau priv\u00e9 Mediaset de 1993 \u00e0 1997 avant que la Rai ne reprenne le flambeau. En terme de ventes des droits de retransmission, la politique de RCS, qui vend \u00e0 l&rsquo;\u00e9tranger via le c\u00e9l\u00e8bre prestataire du marketing sportif, IMG, est simple : la rentabilit\u00e9 prime sur la visibilit\u00e9. C&rsquo;est ainsi que de 2013 \u00e0 2016, BeIn Sports a \u00e9t\u00e9 pr\u00e9f\u00e9r\u00e9 \u00e0 Eurosport pour la diffusion en France malgr\u00e9 les faibles perspectives d&rsquo;exposition (le nombre d&rsquo;abonn\u00e9s de BeIn Sports \u00e9tant bien moindre \u00e0 l&rsquo;\u00e9poque). C&rsquo;est ainsi aussi qu&rsquo;aux Etats Unis par exemple, c&rsquo;est le jeune r\u00e9seau de diffusion par internet Fubo.TV avec son petit nombre d&rsquo;abonn\u00e9s qui diffuse le Giro alors que le g\u00e9ant de la TV, NBC, qui diffuse d\u00e9j\u00e0 les \u00e9preuves ASO, avait fait une offre \u00e0 peine moins comp\u00e9titive pour une audience bien plus cons\u00e9quente. En Belgique, la VRT (Sporza) et aux Pays-Bas, NOS, ont aussi perdu r\u00e9cemment la diffusion en direct au profit d&rsquo;Eurosport&#8230; Aujourd&rsquo;hui la chaine L&rsquo;Equipe, qui diffuse en France, est l&rsquo;une des rares chaines en clair \u00e0 diffuser les \u00e9preuves RCS. Il faut dire aussi qu&rsquo;une grande partie des partenaires des \u00e9preuves RCS visent principalement l&rsquo;Italie et que donc l&rsquo;exposition hors d&rsquo;Italie est moins importante que la rentabilit\u00e9 de la vente des droits TV, qui assure un cash tangible et imm\u00e9diat. Ce n&rsquo;est pas le m\u00eame raisonnement chez ASO par exemple pour qui l&rsquo;exposition demeure une donn\u00e9e capitale m\u00eame \u00e0 l&rsquo;\u00e9tranger.<\/p>\n<p>Mais sur le territoire italien le raisonnement ne peut pas \u00eatre le m\u00eame, car les \u00e9preuves RCS ont besoin de visibilit\u00e9, \u00e0 la fois pour les sponsors mais aussi pour les territoires travers\u00e9s. De plus, le Tour d&rsquo;Italie fait partie de la liste des \u00e9v\u00e9nements sportifs majeurs en Italie qui doivent \u00eatre accessible autant que possible sur des cha\u00eenes nationales en clair. C&rsquo;est bien pour \u00e7a que, comme pour le Tour de France avec France T\u00e9l\u00e9visions et la Vuelta avec la TVE, l&rsquo;op\u00e9rateur public italien (Rai) est le partenaire parfait. Oui mais en parall\u00e8le, \u00e0 un niveau encore plus d\u00e9velopp\u00e9 qu&rsquo;en France, il y a une surench\u00e8re d&rsquo;offres d&rsquo;op\u00e9rateurs priv\u00e9s pour tenter d&rsquo;obtenir la diffusion d&rsquo;un \u00e9v\u00e9nement phare. Le Giro n&rsquo;y \u00e9chappe pas et en profite pour tenter de faire monter les prix aupr\u00e8s de la Rai.<\/p>\n<p>Le risque de clash entre RCS et la Rai reste cependant peu probable (des n\u00e9gociations sont pr\u00e9vues prochainement) mais l&rsquo;app\u00e9tit de RCS pourrait en revanche \u00eatre l&rsquo;une des raisons pour laquelle la Rai songe \u00e0 cesser la diffusion des autres \u00e9preuves italiennes de la Ciclismo Cup comme le Trofeo Laigueglia, le Championnat italien, le Tour des Alpes, la Semaine Coppi Bartali, les Trois Vall\u00e9es Var\u00e9sines, etc&#8230; Pour l&rsquo;instant ses \u00e9preuves sont produites par PMG Sport mais dans les faits ce sont les moyens techniques de la Rai qui sont utilis\u00e9s. La menace est r\u00e9elle pour les \u00e9preuves italiennes pour qui la perte de la Rai serait lourde de cons\u00e9quences.<\/p>\n<p>En parall\u00e8le, la Rai cherche de bonnes affaires et pense fortement \u00e0 La Vuelta (ASO) pour enrichir l&rsquo;offre de sa chaine d\u00e9di\u00e9e Rai Sport. 3 semaines de course pour \u00ab\u00a0<em>seulement<\/em>\u00a0\u00bb 1 million d&rsquo;euros gr\u00e2ce au partenariat avec ASO,\u00a0alors que d&rsquo;autres \u00e9preuves ASO (Paris-Roubaix, Paris-Nice, Li\u00e8ge-Bastgogne-Li\u00e8ge, Fl\u00e8che Wallonne, Crit\u00e9rium du Dauphin\u00e9&#8230;) sont d\u00e9j\u00e0 s\u00e9curis\u00e9es en m\u00eame temps que le Tour des Flandres, l&rsquo;Amstel Gold Race ou les Mondiaux. Et, dans une toute autre cat\u00e9gorie, le Tour de France (ASO) bien entendu. Rai Sport pense aussi \u00e0 d&rsquo;autres courses espagnoles aux droits de diffusion bon march\u00e9 et rappelons que les droits du Tour de Catalogne sont distribu\u00e9s par ASO.<\/p>\n","protected":false},"excerpt":{"rendered":"<p>Le probl\u00e8me devient r\u00e9current. \u00c0 chaque \u00e9ch\u00e9ance du contrat de diffusion du Tour d&rsquo;Italie par la Rai, les n\u00e9gociations du prochain contrat sont sources de tensions. Il Messaggero rapportait ce week-end qu&rsquo;il n&rsquo;y avait toujours pas d&rsquo;accord entre RCS et la Rai pour la diffusion du prochain Tour d&rsquo;Italie. En cause ? RCS demanderait 18 &hellip;<\/p>\n","protected":false},"author":4,"featured_media":48819,"comment_status":"open","ping_status":"open","sticky":false,"template":"","format":"standard","meta":{"footnotes":""},"categories":[11,211,216,174,175,181,86,56,58,77,178,83,182,15,91,221,69,75,187,146,180,49,101,245,32,136,185,59],"tags":[],"class_list":["post-96798","post","type-post","status-publish","format-standard","has-post-thumbnail","hentry","category-news-niveau-2","category-adriatica-ionica-race","category-championnats-nationaux","category-coppa-agostoni","category-coppa-bernocchi","category-coppa-sabatini","category-criterium-du-dauphine","category-fleche-wallonne","category-giro-ditalia-tour-italie","category-gp-industria-artigianato-larciano","category-memorialpantani","category-milano-sanremo","category-milano-torino","category-route","category-settimana-coppi-bartali","category-sponsors","category-strade-bianche","category-tirreno-adriatico","category-giro-dell-emilia","category-il-lombardia","category-giro-della-toscana","category-tour-of-the-alps","category-giro-dell-appennino","category-il-piemonte","category-trofeo-laigueglia","category-trofeo-matteotti","category-trevallivaresine","category-vuelta-a-espana-tour-espagne"],"_links":{"self":[{"href":"https:\/\/cyclingpro.net\/velopro\/wp-json\/wp\/v2\/posts\/96798","targetHints":{"allow":["GET"]}}],"collection":[{"href":"https:\/\/cyclingpro.net\/velopro\/wp-json\/wp\/v2\/posts"}],"about":[{"href":"https:\/\/cyclingpro.net\/velopro\/wp-json\/wp\/v2\/types\/post"}],"author":[{"embeddable":true,"href":"https:\/\/cyclingpro.net\/velopro\/wp-json\/wp\/v2\/users\/4"}],"replies":[{"embeddable":true,"href":"https:\/\/cyclingpro.net\/velopro\/wp-json\/wp\/v2\/comments?post=96798"}],"version-history":[{"count":0,"href":"https:\/\/cyclingpro.net\/velopro\/wp-json\/wp\/v2\/posts\/96798\/revisions"}],"wp:featuredmedia":[{"embeddable":true,"href":"https:\/\/cyclingpro.net\/velopro\/wp-json\/wp\/v2\/media\/48819"}],"wp:attachment":[{"href":"https:\/\/cyclingpro.net\/velopro\/wp-json\/wp\/v2\/media?parent=96798"}],"wp:term":[{"taxonomy":"category","embeddable":true,"href":"https:\/\/cyclingpro.net\/velopro\/wp-json\/wp\/v2\/categories?post=96798"},{"taxonomy":"post_tag","embeddable":true,"href":"https:\/\/cyclingpro.net\/velopro\/wp-json\/wp\/v2\/tags?post=96798"}],"curies":[{"name":"wp","href":"https:\/\/api.w.org\/{rel}","templated":true}]}}