{"id":96014,"date":"2018-11-07T12:04:26","date_gmt":"2018-11-07T11:04:26","guid":{"rendered":"https:\/\/cyclingpro.net\/velopro\/?p=96014"},"modified":"2018-11-07T12:04:26","modified_gmt":"2018-11-07T11:04:26","slug":"nuno-bico-et-jose-fernandes-chez-burgos-bh","status":"publish","type":"post","link":"https:\/\/cyclingpro.net\/velopro\/mercato\/nuno-bico-et-jose-fernandes-chez-burgos-bh\/","title":{"rendered":"Nuno Bico et Jos\u00e9 Fernandes chez Burgos-BH"},"content":{"rendered":"<p>L&rsquo;\u00e9quipe Burgos &#8211; BH continue de se construire pour la saison prochaine malgr\u00e9 le risque de suspension provisoire qui p\u00e8se sur elle (<a href=\"https:\/\/cyclingpro.net\/velopro\/dopage\/dopage-burgos-bh-devrait-bientot-recevoir-une-suspension-provisoire\/\">lire ici<\/a>). La formation espagnole qui vient d&rsquo;effectuer sa premi\u00e8re ann\u00e9e au niveau Continental Pro est en recherche de gagneurs.\u00a0 Avec seulement trois succ\u00e8s en 2018, il faudra scorer en 2019 (<a href=\"https:\/\/cyclingpro.net\/velopro\/mercato\/burgos-bh-a-la-recherche-de-victoires\/\">lire ici<\/a>). Et pour atteindre son objectif , Burgos &#8211; BH accueillera deux nouvelles recrues, selon <a href=\"https:\/\/www.esciclismo.com\/ampliada.asp?Id=49170\">EsCiclismo<\/a>, qui s&rsquo;ajoutent aux cinq ajouts d\u00e9j\u00e0 annonc\u00e9s. Ces deux coureurs sont les Portugais Nuno Bico (en provenance de Movistar) et le jeune espoir Jos\u00e9 Fernandes (en provenance de W52\/FC Porto), qui a pass\u00e9 sa deuxi\u00e8me partie de saison comme stagiaire chez EF Education First &#8211; Drapac p\/b Cannondale.<\/p>\n<p>Apr\u00e8s deux saisons pass\u00e9es chez Movistar Bico redescend donc au niveau Continental Pro. \u00c0 l&rsquo;oppos\u00e9 pour Fernandes, c&rsquo;est une promotion qu&rsquo;il doit \u00e0 sa bonne saison 2018 o\u00f9 il a notamment remport\u00e9 le classement g\u00e9n\u00e9ral final du Trofeu Joaquim Agostinho (2.2).\u00a0 Il est aussi le vainqueur de l&rsquo;\u00e9dition 2017 du Tour de l&rsquo;Avenir portugais. Ces deux recrues s&rsquo;ajoutent donc aux cinq coureurs d\u00e9j\u00e0 annonc\u00e9s :\u00a0\u00c1ngel Madrazo (en provenance de Delko &#8211; Marseille Provence &#8211; KTM), Ricardo Vilela (en provenance de\u00a0 Manzana Postobon),\u00a0Manuel Pe\u00f1alver (en provenance de Trevigiani Phonix &#8211; Hemus 1896), Matthew Gibson (en provenance de\u00a0 JLT Condor) et Jaume Sureda (neo pro).<\/p>\n","protected":false},"excerpt":{"rendered":"<p>L&rsquo;\u00e9quipe Burgos &#8211; BH continue de se construire pour la saison prochaine malgr\u00e9 le risque de suspension provisoire qui p\u00e8se sur elle (lire ici). La formation espagnole qui vient d&rsquo;effectuer sa premi\u00e8re ann\u00e9e au niveau Continental Pro est en recherche de gagneurs.\u00a0 Avec seulement trois succ\u00e8s en 2018, il faudra scorer en 2019 (lire ici). &hellip;<\/p>\n","protected":false},"author":4,"featured_media":0,"comment_status":"open","ping_status":"open","sticky":false,"template":"","format":"standard","meta":{"footnotes":""},"categories":[11,15,10],"tags":[],"class_list":["post-96014","post","type-post","status-publish","format-standard","hentry","category-news-niveau-2","category-route","category-mercato"],"_links":{"self":[{"href":"https:\/\/cyclingpro.net\/velopro\/wp-json\/wp\/v2\/posts\/96014","targetHints":{"allow":["GET"]}}],"collection":[{"href":"https:\/\/cyclingpro.net\/velopro\/wp-json\/wp\/v2\/posts"}],"about":[{"href":"https:\/\/cyclingpro.net\/velopro\/wp-json\/wp\/v2\/types\/post"}],"author":[{"embeddable":true,"href":"https:\/\/cyclingpro.net\/velopro\/wp-json\/wp\/v2\/users\/4"}],"replies":[{"embeddable":true,"href":"https:\/\/cyclingpro.net\/velopro\/wp-json\/wp\/v2\/comments?post=96014"}],"version-history":[{"count":0,"href":"https:\/\/cyclingpro.net\/velopro\/wp-json\/wp\/v2\/posts\/96014\/revisions"}],"wp:attachment":[{"href":"https:\/\/cyclingpro.net\/velopro\/wp-json\/wp\/v2\/media?parent=96014"}],"wp:term":[{"taxonomy":"category","embeddable":true,"href":"https:\/\/cyclingpro.net\/velopro\/wp-json\/wp\/v2\/categories?post=96014"},{"taxonomy":"post_tag","embeddable":true,"href":"https:\/\/cyclingpro.net\/velopro\/wp-json\/wp\/v2\/tags?post=96014"}],"curies":[{"name":"wp","href":"https:\/\/api.w.org\/{rel}","templated":true}]}}