{"id":95702,"date":"2018-10-31T09:29:16","date_gmt":"2018-10-31T08:29:16","guid":{"rendered":"https:\/\/cyclingpro.net\/velopro\/?p=95702"},"modified":"2018-10-31T09:29:16","modified_gmt":"2018-10-31T08:29:16","slug":"tour-de-hainan-letape-pour-pellaud-le-general-pour-masnada","status":"publish","type":"post","link":"https:\/\/cyclingpro.net\/velopro\/course\/tour-of-hainan\/tour-de-hainan-letape-pour-pellaud-le-general-pour-masnada\/","title":{"rendered":"Tour de Hainan : L&rsquo;\u00e9tape pour Pellaud, le g\u00e9n\u00e9ral pour Masnada"},"content":{"rendered":"<p>La neuvi\u00e8me et derni\u00e8re \u00e9tape du Tour de Hainan, longue de 182 kilom\u00e8tres entre les villes de Changjiang et Danzhou, a \u00e9t\u00e9 remport\u00e9e par Simon Pellaud. Le coureur de 25 ans, membre de l&rsquo;\u00e9quipe nationale suisse sur cette \u00e9preuve, s&rsquo;est impos\u00e9 en solitaire apr\u00e8s une longue \u00e9chapp\u00e9e. Il devance donc de quelques m\u00e8tres ses compagnons au sein de l&rsquo;\u00e9chapp\u00e9e matinale, tandis que le peloton termine juste derri\u00e8re, \u00e0 une dizaine de secondes.<\/p>\n<p>Fausto Masnada (Androni Giocatolli-Sidermec) remporte donc le classement g\u00e9n\u00e9ral de ce Tour de Hainan 2018, devan\u00e7ant donc le jeune suisse Gino M\u00e4der et le fran\u00e7ais Julien El Fares.<\/p>\n<p><strong>Classement de la 9e \u00e9tape :<\/strong><br \/>\n1 Simon Pellaud (Equipe de Suisse) en 4:10:53<br \/>\n2 Peter Schulting (Monkey Town Continental Team)\u00a0 0:05<br \/>\n3 Lorenzo Rota (Bardiani &#8211; CSF)\u00a0 ,,<br \/>\n4 Alan Marangoni (Nippo &#8211; Vini Fantini &#8211; Europa Ovini)\u00a0 ,,<br \/>\n5 Edwin Arnulfo Parra(Ningxia Sports Lottery &#8211; Livall Cycling team)\u00a0 ,,<br \/>\n6 Harry Sweeny (Mitchelton &#8211; BikeExchange)\u00a0 ,,<br \/>\n7 Andrea Guardini (Bardiani &#8211; CSF)\u00a0 0:10<br \/>\n8 Imerio Cima (Nippo &#8211; Vini Fantini &#8211; Europa Ovini) ,,<br \/>\n9 Luca Pacioni (Wilier Triestina &#8211; Selle Italia) ,,<br \/>\n10 Andr\u00e9 Looij(Monkey Town Continental Team) ,,<\/p>\n<p><strong>Classement g\u00e9n\u00e9ral \u00e0 l\u2019issue de la 9e \u00e9tape (provisoire) :<br \/>\n<\/strong>1. Fausto Masnada (Androni Giocattoli \u2013 Sidermec) en 31h16\u201918<br \/>\n2.\u00a0Gino M\u00e4der (Equipe de Suisse) \u00e0 2\u201d<br \/>\n3. Julien El Fares (Delko \u2013 Marseille Provence \u2013 KTM) \u00e0 10\u201d<br \/>\n4.\u00a0Patrick Schelling (Vorarlberg \u2013 Santic) \u00e0 56\u201d<br \/>\n5.\u00a0Benjam\u00edn Prades (Team Ukyo) \u00e0 57\u201d<br \/>\n6.\u00a0Xianjing Lyu (Hengxiang Cycling Team) \u00e0 59\u201d<br \/>\n7.\u00a0Matteo Badilatti (Israel Cycling Academy) \u00e0 1\u201907\u201d<br \/>\n8. Simone Velasco (Wilier Triestina \u2013 Selle Italia) \u00e0 1\u201911<br \/>\n9. Rodrigo Araque (Team Ukyo) \u00e0 1\u201914<br \/>\n10. Roland Thalmann (Vorarlberg \u2013 Santic) \u00e0 1\u201920<\/p>\n","protected":false},"excerpt":{"rendered":"<p>La neuvi\u00e8me et derni\u00e8re \u00e9tape du Tour de Hainan, longue de 182 kilom\u00e8tres entre les villes de Changjiang et Danzhou, a \u00e9t\u00e9 remport\u00e9e par Simon Pellaud. Le coureur de 25 ans, membre de l&rsquo;\u00e9quipe nationale suisse sur cette \u00e9preuve, s&rsquo;est impos\u00e9 en solitaire apr\u00e8s une longue \u00e9chapp\u00e9e. Il devance donc de quelques m\u00e8tres ses compagnons &hellip;<\/p>\n","protected":false},"author":11,"featured_media":0,"comment_status":"open","ping_status":"open","sticky":false,"template":"","format":"standard","meta":{"footnotes":""},"categories":[12,14,15,208],"tags":[],"class_list":["post-95702","post","type-post","status-publish","format-standard","hentry","category-non-classe","category-resultats","category-route","category-tour-of-hainan"],"_links":{"self":[{"href":"https:\/\/cyclingpro.net\/velopro\/wp-json\/wp\/v2\/posts\/95702","targetHints":{"allow":["GET"]}}],"collection":[{"href":"https:\/\/cyclingpro.net\/velopro\/wp-json\/wp\/v2\/posts"}],"about":[{"href":"https:\/\/cyclingpro.net\/velopro\/wp-json\/wp\/v2\/types\/post"}],"author":[{"embeddable":true,"href":"https:\/\/cyclingpro.net\/velopro\/wp-json\/wp\/v2\/users\/11"}],"replies":[{"embeddable":true,"href":"https:\/\/cyclingpro.net\/velopro\/wp-json\/wp\/v2\/comments?post=95702"}],"version-history":[{"count":0,"href":"https:\/\/cyclingpro.net\/velopro\/wp-json\/wp\/v2\/posts\/95702\/revisions"}],"wp:attachment":[{"href":"https:\/\/cyclingpro.net\/velopro\/wp-json\/wp\/v2\/media?parent=95702"}],"wp:term":[{"taxonomy":"category","embeddable":true,"href":"https:\/\/cyclingpro.net\/velopro\/wp-json\/wp\/v2\/categories?post=95702"},{"taxonomy":"post_tag","embeddable":true,"href":"https:\/\/cyclingpro.net\/velopro\/wp-json\/wp\/v2\/tags?post=95702"}],"curies":[{"name":"wp","href":"https:\/\/api.w.org\/{rel}","templated":true}]}}