{"id":95686,"date":"2018-10-30T14:30:27","date_gmt":"2018-10-30T13:30:27","guid":{"rendered":"https:\/\/cyclingpro.net\/velopro\/?p=95686"},"modified":"2018-10-30T14:30:27","modified_gmt":"2018-10-30T13:30:27","slug":"euskadi-murias-juan-antonio-lopez-cozar-monte-dun-cran","status":"publish","type":"post","link":"https:\/\/cyclingpro.net\/velopro\/mercato\/euskadi-murias-juan-antonio-lopez-cozar-monte-dun-cran\/","title":{"rendered":"Euskadi-Murias : Juan Antonio L\u00f3pez-C\u00f3zar monte d&rsquo;un cran"},"content":{"rendered":"<p>Alors qu&rsquo;il \u00e9voluait cette ann\u00e9e chez Fundaci\u00f3n Euskadi (Continentale),\u00a0Juan Antonio L\u00f3pez-C\u00f3zar va monter d&rsquo;une cat\u00e9gorie en rejoignant l&rsquo;\u00e9quipe Euskadi &#8211; Murias l&rsquo;an prochain. Bien qu&rsquo;il soit natif de Grenade,\u00a0L\u00f3pez-C\u00f3zar a fait ses classes au Pays-Basque et est notamment pass\u00e9 par les rangs de\u00a0Caf\u00e9s Baqu\u00e9, o\u00f9 il a rencontr\u00e9\u00a0Rub\u00e9n P\u00e9rez qui officiait comme directeur sportif et qui est maintenant chez Euskadi &#8211; Murias. Au cours de sa carri\u00e8re, le coureur de 24 ans est aussi pass\u00e9 par la\u00a0Fundaci\u00f3n Contador (aujourd&rsquo;hui Polartec &#8211; Kometa), en 2014. Cette ann\u00e9e,\u00a0L\u00f3pez-C\u00f3zar s&rsquo;est notamment class\u00e9 sixi\u00e8me de la\u00a0Prueba Villafranca et onzi\u00e8me du\u00a0Circuito de Getxo.<\/p>\n","protected":false},"excerpt":{"rendered":"<p>Alors qu&rsquo;il \u00e9voluait cette ann\u00e9e chez Fundaci\u00f3n Euskadi (Continentale),\u00a0Juan Antonio L\u00f3pez-C\u00f3zar va monter d&rsquo;une cat\u00e9gorie en rejoignant l&rsquo;\u00e9quipe Euskadi &#8211; Murias l&rsquo;an prochain. Bien qu&rsquo;il soit natif de Grenade,\u00a0L\u00f3pez-C\u00f3zar a fait ses classes au Pays-Basque et est notamment pass\u00e9 par les rangs de\u00a0Caf\u00e9s Baqu\u00e9, o\u00f9 il a rencontr\u00e9\u00a0Rub\u00e9n P\u00e9rez qui officiait comme directeur sportif et &hellip;<\/p>\n","protected":false},"author":4,"featured_media":0,"comment_status":"open","ping_status":"open","sticky":false,"template":"","format":"standard","meta":{"footnotes":""},"categories":[12,15,10],"tags":[],"class_list":["post-95686","post","type-post","status-publish","format-standard","hentry","category-non-classe","category-route","category-mercato"],"_links":{"self":[{"href":"https:\/\/cyclingpro.net\/velopro\/wp-json\/wp\/v2\/posts\/95686","targetHints":{"allow":["GET"]}}],"collection":[{"href":"https:\/\/cyclingpro.net\/velopro\/wp-json\/wp\/v2\/posts"}],"about":[{"href":"https:\/\/cyclingpro.net\/velopro\/wp-json\/wp\/v2\/types\/post"}],"author":[{"embeddable":true,"href":"https:\/\/cyclingpro.net\/velopro\/wp-json\/wp\/v2\/users\/4"}],"replies":[{"embeddable":true,"href":"https:\/\/cyclingpro.net\/velopro\/wp-json\/wp\/v2\/comments?post=95686"}],"version-history":[{"count":0,"href":"https:\/\/cyclingpro.net\/velopro\/wp-json\/wp\/v2\/posts\/95686\/revisions"}],"wp:attachment":[{"href":"https:\/\/cyclingpro.net\/velopro\/wp-json\/wp\/v2\/media?parent=95686"}],"wp:term":[{"taxonomy":"category","embeddable":true,"href":"https:\/\/cyclingpro.net\/velopro\/wp-json\/wp\/v2\/categories?post=95686"},{"taxonomy":"post_tag","embeddable":true,"href":"https:\/\/cyclingpro.net\/velopro\/wp-json\/wp\/v2\/tags?post=95686"}],"curies":[{"name":"wp","href":"https:\/\/api.w.org\/{rel}","templated":true}]}}