{"id":95469,"date":"2018-10-26T14:52:18","date_gmt":"2018-10-26T12:52:18","guid":{"rendered":"https:\/\/cyclingpro.net\/velopro\/?p=95469"},"modified":"2018-10-26T16:51:57","modified_gmt":"2018-10-26T14:51:57","slug":"alejandro-valverde-velo-dor-thibaut-pinot-velo-dor-francais","status":"publish","type":"post","link":"https:\/\/cyclingpro.net\/velopro\/news\/alejandro-valverde-velo-dor-thibaut-pinot-velo-dor-francais\/","title":{"rendered":"Alejandro Valverde V\u00e9lo d&rsquo;Or, Thibaut Pinot V\u00e9lo d&rsquo;Or Fran\u00e7ais"},"content":{"rendered":"<p style=\"text-align: justify;\">Le mensuel V\u00e9lo Magazine a rendu son verdict. R\u00e9compensant depuis 1992 le meilleur coureur international et le meilleur coureur fran\u00e7ais \u00e0 travers son fameux \u00ab\u00a0V\u00e9lo d&rsquo;Or\u00a0\u00bb, le magazine a officialis\u00e9 les heureux laur\u00e9ats pour la saison 2018. L&rsquo;annonce se fait traditionnellement durant la pr\u00e9sentation du parcours du Tour de France, mais les deux vainqueurs n&rsquo;\u00e9taient pas pr\u00e9sents ce jeudi \u00e0 Paris.<\/p>\n<p style=\"text-align: justify;\">Les votes ont ainsi \u00e9lu Alejandro Valverde comme grand vainqueur du V\u00e9lo d&rsquo;Or, troph\u00e9e remis ce vendredi lors d&rsquo;un rassemblement de la Movistar en Navarre. Bien \u00e9videmment, El Imbatido, 38 ans, doit surtout sa r\u00e9compense \u00e0 son titre de champion du monde acquis \u00e0 Innsbr\u00fcck, mais ce prix vient aussi couronner une ann\u00e9e tout \u00e0 fait remarquable lors de laquelle il a remport\u00e9 le Tour de la Communaut\u00e9 de Valence (+ 2 \u00e9tapes), le Tour d&rsquo;Abu Dhabi (+ 1 \u00e9tape), le Tour de Catalogne (+ 2 \u00e9tapes), la Route d&rsquo;Occitanie (+ 1 \u00e9tape), deux \u00e9tapes de la Vuelta, le Grand Prix Miguel Indurain mais aussi termin\u00e9 sur le podium de la Fl\u00e8che Wallonne, du Tour de Murcie, du championnat d&rsquo;Espagne, de la Klasika Primavera, Trofeo Serra de Tramuntana, de Milan-Turin. Il \u00e9tait \u00e9galement en lice pour la victoire finale sur la Vuelta jusque dans les derniers jours avant de d\u00e9gringoler en cinqui\u00e8me position.<\/p>\n<p style=\"text-align: justify;\">Il est le premier Espagnol depuis 2014 et Alberto Contador \u00e0 recevoir cette distinction, et le troisi\u00e8me Espagnol seulement depuis la cr\u00e9ation du prix, Miguel Indurain ayant \u00e9t\u00e9 le premier \u00e0 l&rsquo;acqu\u00e9rir.<\/p>\n<blockquote class=\"twitter-tweet\" data-lang=\"fr\">\n<p lang=\"es\" dir=\"ltr\">Un honor y un orgullo conseguir el V\u00e9lo d&#39;Or 2018 &#x1f3c6;. Todav\u00eda m\u00e1s recibirlo de manos del gran Miguel Indurain &#x1f929;<\/p>\n<p>Abrimos 2019 cerrando de la mejor forma un 2018 de ensue\u00f1o (&#x1f4f7; <a href=\"https:\/\/twitter.com\/PhotoGomezSport?ref_src=twsrc%5Etfw\">@PhotoGomezSport<\/a>) <a href=\"https:\/\/t.co\/V9RhySiNGb\">pic.twitter.com\/V9RhySiNGb<\/a><\/p>\n<p>&mdash; alejandro valverde (@alejanvalverde) <a href=\"https:\/\/twitter.com\/alejanvalverde\/status\/1055833649063563264?ref_src=twsrc%5Etfw\">26 octobre 2018<\/a><\/p><\/blockquote>\n<p><script async src=\"https:\/\/platform.twitter.com\/widgets.js\" charset=\"utf-8\"><\/script><\/p>\n<p style=\"text-align: justify;\">Pour ce qui est du V\u00e9lo d&rsquo;Or Fran\u00e7ais, il est revenu \u00e0 Thibaut Pinot, sans aucun doute gr\u00e2ce \u00e0 sa formidable fin de saison comprenant deux victoires sur le Tour d&rsquo;Espagne (6e du g\u00e9n\u00e9ral), son succ\u00e8s sur Milan-Turin et, surtout, son triomphe dans un Monument du cyclisme, le Tour de Lombardie. Malgr\u00e9 son abandon \u00e0 la veille du Giro, qu&rsquo;il s&rsquo;appr\u00eatait \u00e0 terminer sur le podium, le Franc-Comtois a r\u00e9alis\u00e9 une saison pleine qui inclut \u00e9videmment sa victoire finale sur le Tour des Alpes, ses podiums sur le Tour de Pologne et les Trois Vall\u00e9es Var\u00e9sines ou encore sa neuvi\u00e8me place aux Mondiaux.<\/p>\n<p>Pinot re\u00e7oit le V\u00e9lo d&rsquo;Or Fran\u00e7ais pour la deuxi\u00e8me fois de sa carri\u00e8re, apr\u00e8s 2014, et succ\u00e8de \u00e0 Romain Bardet au \u00ab\u00a0palmar\u00e8s\u00a0\u00bb.<\/p>\n<blockquote class=\"twitter-tweet\" data-lang=\"fr\">\n<p dir=\"ltr\" lang=\"fr\">Super nouvelle ! <a href=\"https:\/\/twitter.com\/ThibautPinot?ref_src=twsrc%5Etfw\">@ThibautPinot<\/a> a \u00e9t\u00e9 \u00e9lu V\u00e9lo d&rsquo;Or Fran\u00e7ais 2018 apr\u00e8s sa magnifique saison qui l&rsquo;a notamment vu remporter le Tour de Lombardie et deux \u00e9tapes du Tour d&rsquo;Espagne.<\/p>\n<p>F\u00e9licitations Thibaut &#x1f44f;<\/p>\n<p>&#x1f4f8; <a href=\"https:\/\/twitter.com\/ThomasMaheux?ref_src=twsrc%5Etfw\">@ThomasMaheux<\/a> <a href=\"https:\/\/t.co\/wwCXQTXDKR\">pic.twitter.com\/wwCXQTXDKR<\/a><\/p>\n<p>\u2014 \u00c9quipe Cycliste Groupama-FDJ (@GroupamaFDJ) <a href=\"https:\/\/twitter.com\/GroupamaFDJ\/status\/1055801310514163718?ref_src=twsrc%5Etfw\">26 octobre 2018<\/a><\/p><\/blockquote>\n<p><script async src=\"https:\/\/platform.twitter.com\/widgets.js\" charset=\"utf-8\"><\/script><\/p>\n","protected":false},"excerpt":{"rendered":"<p>Le mensuel V\u00e9lo Magazine a rendu son verdict. R\u00e9compensant depuis 1992 le meilleur coureur international et le meilleur coureur fran\u00e7ais \u00e0 travers son fameux \u00ab\u00a0V\u00e9lo d&rsquo;Or\u00a0\u00bb, le magazine a officialis\u00e9 les heureux laur\u00e9ats pour la saison 2018. L&rsquo;annonce se fait traditionnellement durant la pr\u00e9sentation du parcours du Tour de France, mais les deux vainqueurs n&rsquo;\u00e9taient &hellip;<\/p>\n","protected":false},"author":5,"featured_media":95474,"comment_status":"open","ping_status":"open","sticky":false,"template":"","format":"standard","meta":{"footnotes":""},"categories":[11,25],"tags":[],"class_list":["post-95469","post","type-post","status-publish","format-standard","has-post-thumbnail","hentry","category-news-niveau-2","category-news"],"_links":{"self":[{"href":"https:\/\/cyclingpro.net\/velopro\/wp-json\/wp\/v2\/posts\/95469","targetHints":{"allow":["GET"]}}],"collection":[{"href":"https:\/\/cyclingpro.net\/velopro\/wp-json\/wp\/v2\/posts"}],"about":[{"href":"https:\/\/cyclingpro.net\/velopro\/wp-json\/wp\/v2\/types\/post"}],"author":[{"embeddable":true,"href":"https:\/\/cyclingpro.net\/velopro\/wp-json\/wp\/v2\/users\/5"}],"replies":[{"embeddable":true,"href":"https:\/\/cyclingpro.net\/velopro\/wp-json\/wp\/v2\/comments?post=95469"}],"version-history":[{"count":0,"href":"https:\/\/cyclingpro.net\/velopro\/wp-json\/wp\/v2\/posts\/95469\/revisions"}],"wp:featuredmedia":[{"embeddable":true,"href":"https:\/\/cyclingpro.net\/velopro\/wp-json\/wp\/v2\/media\/95474"}],"wp:attachment":[{"href":"https:\/\/cyclingpro.net\/velopro\/wp-json\/wp\/v2\/media?parent=95469"}],"wp:term":[{"taxonomy":"category","embeddable":true,"href":"https:\/\/cyclingpro.net\/velopro\/wp-json\/wp\/v2\/categories?post=95469"},{"taxonomy":"post_tag","embeddable":true,"href":"https:\/\/cyclingpro.net\/velopro\/wp-json\/wp\/v2\/tags?post=95469"}],"curies":[{"name":"wp","href":"https:\/\/api.w.org\/{rel}","templated":true}]}}