{"id":95351,"date":"2018-10-25T13:15:28","date_gmt":"2018-10-25T11:15:28","guid":{"rendered":"https:\/\/cyclingpro.net\/velopro\/?p=95351"},"modified":"2018-10-25T13:23:45","modified_gmt":"2018-10-25T11:23:45","slug":"tour-de-france-2019-les-points-bonus-reconduits-et-peut-etre-revalorises","status":"publish","type":"post","link":"https:\/\/cyclingpro.net\/velopro\/course\/tour-de-france\/tour-de-france-2019-les-points-bonus-reconduits-et-peut-etre-revalorises\/","title":{"rendered":"Tour de France 2019 : Les \u00ab\u00a0points bonus\u00a0\u00bb reconduits et peut-\u00eatre revaloris\u00e9s"},"content":{"rendered":"<p style=\"text-align: justify;\">Soucieuse de combattre la monotonie du cyclisme contemporain, et de toujours favoriser le spectacle, l&rsquo;organisation du Tour de France a d\u00e9cid\u00e9 de reconduire les \u00ab\u00a0points bonus\u00a0\u00bb inaugur\u00e9s lors de la derni\u00e8re \u00e9dition. Ceux-ci permettaient, \u00e0 l&rsquo;occasion des neuf premi\u00e8res \u00e9tapes du Tour 2018, aux trois premiers coureurs passant cette ligne, g\u00e9n\u00e9ralement plac\u00e9e dans le final, d&rsquo;engranger respectivement trois, deux, et une secondes de bonifications.<\/p>\n<p style=\"text-align: justify;\">En 2019, le syst\u00e8me sera remis sur la table, a confirm\u00e9 ce jeudi Christian Prudhomme, directeur de l&rsquo;\u00e9preuve, lors de la pr\u00e9sentation officielle du 106\u00e8me Tour de France. Les points bonus seront au nombre de huit et seront plac\u00e9s au sommet de c\u00f4tes ou cols (voir ci-dessous), ceci dans le but d&rsquo;animer la course. Aussi, Christian Prudhomme esp\u00e8re obtenir de l&rsquo;Union Cycliste Internationale la possibilit\u00e9 d&rsquo;attribuer davantage de bonifications lors de ces points bonus.<\/p>\n<p style=\"text-align: justify;\"><strong>Les sommets o\u00f9 seront plac\u00e9s les points bonus :<\/strong><\/p>\n<div class=\"page\" title=\"Page 5\">\n<div class=\"section\">\n<div class=\"layoutArea\">\n<div class=\"column\">\n<p style=\"text-align: justify;\">3e e\u0301tape : co\u0302te de Mutigny<br \/>\n6e e\u0301tape : col des Chevre\u0300res<br \/>\n8e e\u0301tape : co\u0302te de la Jaillie\u0300re<br \/>\n9e e\u0301tape : co\u0302te de Saint-Just<br \/>\n12e e\u0301tape : Hourquette d\u2019Ancizan<br \/>\n15e e\u0301tape : Mur de Pe\u0301gue\u0300re<br \/>\n18e e\u0301tape : col du Galibier<br \/>\n19e e\u0301tape : col de l\u2019Iseran<\/p>\n<\/div>\n<\/div>\n<\/div>\n<\/div>\n<p><iframe loading=\"lazy\" src=\"https:\/\/www.dailymotion.com\/embed\/video\/x6nkhdj\" width=\"480\" height=\"270\" frameborder=\"0\" allowfullscreen=\"allowfullscreen\"><\/iframe><\/p>\n","protected":false},"excerpt":{"rendered":"<p>Soucieuse de combattre la monotonie du cyclisme contemporain, et de toujours favoriser le spectacle, l&rsquo;organisation du Tour de France a d\u00e9cid\u00e9 de reconduire les \u00ab\u00a0points bonus\u00a0\u00bb inaugur\u00e9s lors de la derni\u00e8re \u00e9dition. Ceux-ci permettaient, \u00e0 l&rsquo;occasion des neuf premi\u00e8res \u00e9tapes du Tour 2018, aux trois premiers coureurs passant cette ligne, g\u00e9n\u00e9ralement plac\u00e9e dans le final, &hellip;<\/p>\n","protected":false},"author":5,"featured_media":95356,"comment_status":"open","ping_status":"open","sticky":false,"template":"","format":"standard","meta":{"footnotes":""},"categories":[11,15,39],"tags":[],"class_list":["post-95351","post","type-post","status-publish","format-standard","has-post-thumbnail","hentry","category-news-niveau-2","category-route","category-tour-de-france"],"_links":{"self":[{"href":"https:\/\/cyclingpro.net\/velopro\/wp-json\/wp\/v2\/posts\/95351","targetHints":{"allow":["GET"]}}],"collection":[{"href":"https:\/\/cyclingpro.net\/velopro\/wp-json\/wp\/v2\/posts"}],"about":[{"href":"https:\/\/cyclingpro.net\/velopro\/wp-json\/wp\/v2\/types\/post"}],"author":[{"embeddable":true,"href":"https:\/\/cyclingpro.net\/velopro\/wp-json\/wp\/v2\/users\/5"}],"replies":[{"embeddable":true,"href":"https:\/\/cyclingpro.net\/velopro\/wp-json\/wp\/v2\/comments?post=95351"}],"version-history":[{"count":0,"href":"https:\/\/cyclingpro.net\/velopro\/wp-json\/wp\/v2\/posts\/95351\/revisions"}],"wp:featuredmedia":[{"embeddable":true,"href":"https:\/\/cyclingpro.net\/velopro\/wp-json\/wp\/v2\/media\/95356"}],"wp:attachment":[{"href":"https:\/\/cyclingpro.net\/velopro\/wp-json\/wp\/v2\/media?parent=95351"}],"wp:term":[{"taxonomy":"category","embeddable":true,"href":"https:\/\/cyclingpro.net\/velopro\/wp-json\/wp\/v2\/categories?post=95351"},{"taxonomy":"post_tag","embeddable":true,"href":"https:\/\/cyclingpro.net\/velopro\/wp-json\/wp\/v2\/tags?post=95351"}],"curies":[{"name":"wp","href":"https:\/\/api.w.org\/{rel}","templated":true}]}}