{"id":95300,"date":"2018-10-25T09:27:47","date_gmt":"2018-10-25T07:27:47","guid":{"rendered":"https:\/\/cyclingpro.net\/velopro\/?p=95300"},"modified":"2018-10-25T09:32:42","modified_gmt":"2018-10-25T07:32:42","slug":"fernando-gaviria-sengage-3-ans-avec-uae-team-emirates","status":"publish","type":"post","link":"https:\/\/cyclingpro.net\/velopro\/mercato\/fernando-gaviria-sengage-3-ans-avec-uae-team-emirates\/","title":{"rendered":"Fernando Gaviria s&rsquo;engage pour 3 ans avec UAE Team Emirates"},"content":{"rendered":"<p style=\"text-align: justify;\">Le bruit courait depuis quelques semaines d\u00e9sormais, et Patrick Lef\u00e9v\u00e8re lui-m\u00eame avait mis un terme aux tractations, hier, en confirmant le transfert une fois pour toute. Fernando Gaviria quittera donc bel et bien la formation Quick Step Floors \u00e0 l&rsquo;issue de la saison pour rejoindre l&rsquo;\u00e9quipe UAE Team Emirates. La structure du Golfe a proc\u00e9d\u00e9 \u00e0 l&rsquo;officialisation de cette signature majeure ce jeudi matin. Principale information, le contrat longue dur\u00e9e paraph\u00e9 par le sprinteur colombien. Il s&rsquo;est en effet engag\u00e9 jusqu&rsquo;en 2021.<\/p>\n<p style=\"text-align: justify;\">D\u00e9couvert en 2015 sur le Tour de San Luis, lorsqu&rsquo;il s&rsquo;offrait le scalp d&rsquo;un certain Mark Cavendish, Gaviria a int\u00e9gr\u00e9 la Quick Step Floors en tant que stagiaire cette m\u00eame ann\u00e9e avant de passer professionnel quelques mois plus tard. Avec l&rsquo;\u00e9quipe belge, il s&rsquo;est d\u00e9j\u00e0 construit un palmar\u00e8s \u00e9quivoque, comprenant deux victoires sur le Tour de France, quatre sur le Giro, un total de 17 succ\u00e8s dans le WorldTour mais aussi une belle Classique avec Paris-Tours.<\/p>\n<p style=\"text-align: justify;\">Gaviria quitte ainsi Quick Step Floors apr\u00e8s que Lef\u00e9v\u00e8re n&rsquo;a pas \u00e9t\u00e9 en mesure de lui offrir un contrat \u00e0 la hauteur de ses exigences compte tenu de l&rsquo;arriv\u00e9e tardive du nouveau sponsor Deceuninck.\u00a0<em>\u00ab\u00a0Je change d&rsquo;\u00e9quipe apr\u00e8s avoir toujours \u00e9volu\u00e9 dans le m\u00eame groupe, qui m&rsquo;a donn\u00e9 la possibilit\u00e9 de passer au plus haut niveau,<\/em> a gliss\u00e9 le Colombien.\u00a0<em>Avec mon nouveau maillot, je ne vais pas cacher mes d\u00e9sirs, et je veux les plus grandes victoires. Je suis heureux de pouvoir courir avec mes compatriotes Henao, Mu\u00f1oz et Molano. Je veux remercier l&rsquo;\u00e9quipe UAE Team Emirates pour sa confiance.\u00a0\u00bb<\/em><\/p>\n","protected":false},"excerpt":{"rendered":"<p>Le bruit courait depuis quelques semaines d\u00e9sormais, et Patrick Lef\u00e9v\u00e8re lui-m\u00eame avait mis un terme aux tractations, hier, en confirmant le transfert une fois pour toute. Fernando Gaviria quittera donc bel et bien la formation Quick Step Floors \u00e0 l&rsquo;issue de la saison pour rejoindre l&rsquo;\u00e9quipe UAE Team Emirates. La structure du Golfe a proc\u00e9d\u00e9 &hellip;<\/p>\n","protected":false},"author":5,"featured_media":54862,"comment_status":"open","ping_status":"open","sticky":false,"template":"","format":"standard","meta":{"footnotes":""},"categories":[17,15,10],"tags":[],"class_list":["post-95300","post","type-post","status-publish","format-standard","has-post-thumbnail","hentry","category-une","category-route","category-mercato"],"_links":{"self":[{"href":"https:\/\/cyclingpro.net\/velopro\/wp-json\/wp\/v2\/posts\/95300","targetHints":{"allow":["GET"]}}],"collection":[{"href":"https:\/\/cyclingpro.net\/velopro\/wp-json\/wp\/v2\/posts"}],"about":[{"href":"https:\/\/cyclingpro.net\/velopro\/wp-json\/wp\/v2\/types\/post"}],"author":[{"embeddable":true,"href":"https:\/\/cyclingpro.net\/velopro\/wp-json\/wp\/v2\/users\/5"}],"replies":[{"embeddable":true,"href":"https:\/\/cyclingpro.net\/velopro\/wp-json\/wp\/v2\/comments?post=95300"}],"version-history":[{"count":0,"href":"https:\/\/cyclingpro.net\/velopro\/wp-json\/wp\/v2\/posts\/95300\/revisions"}],"wp:featuredmedia":[{"embeddable":true,"href":"https:\/\/cyclingpro.net\/velopro\/wp-json\/wp\/v2\/media\/54862"}],"wp:attachment":[{"href":"https:\/\/cyclingpro.net\/velopro\/wp-json\/wp\/v2\/media?parent=95300"}],"wp:term":[{"taxonomy":"category","embeddable":true,"href":"https:\/\/cyclingpro.net\/velopro\/wp-json\/wp\/v2\/categories?post=95300"},{"taxonomy":"post_tag","embeddable":true,"href":"https:\/\/cyclingpro.net\/velopro\/wp-json\/wp\/v2\/tags?post=95300"}],"curies":[{"name":"wp","href":"https:\/\/api.w.org\/{rel}","templated":true}]}}