{"id":93751,"date":"2018-10-08T11:05:13","date_gmt":"2018-10-08T09:05:13","guid":{"rendered":"https:\/\/cyclingpro.net\/velopro\/?p=93751"},"modified":"2018-10-08T10:36:21","modified_gmt":"2018-10-08T08:36:21","slug":"une-belle-affiche-au-criterium-de-saitama","status":"publish","type":"post","link":"https:\/\/cyclingpro.net\/velopro\/route\/une-belle-affiche-au-criterium-de-saitama\/","title":{"rendered":"Une belle affiche au Crit\u00e9rium de Saitama"},"content":{"rendered":"<p style=\"text-align: justify;\">Le Crit\u00e9rium de Saitama attirera encore une fois du beau monde.\u00a0La 6e \u00e9dition, qui se tiendra le 4 novembre prochain, accueille cette ann\u00e9e un nouveau Maillot Jaune avec Geraint Thomas, vainqueur de la Grande Boucle en juillet. Le vainqueur 2014, Vincenzo Nibali, sera aussi de la partie pour le rendez-vous japonais de fin de saison.\u00a0Le nouveau champion du monde, Alejandro Valverde, fera \u00e0\u00a0<span class=\"il\">Saitama<\/span>\u00a0une de ses premi\u00e8res sorties avec le maillot arc-en-ciel, et trouvera sur son chemin d\u2019autres collectionneurs de bouquets comme Marcel Kittel, ou les deux derniers champions d\u2019Europe Alexander Kristoff et Matteo Trentin.<\/p>\n<p style=\"text-align: justify;\">En 2017, c&rsquo;est Mark Cavendish qui s&rsquo;est impos\u00e9 au Japon. Au palmar\u00e8s, on retrouve \u00e9galement Peter Sagan, John Degenkolb ou encore Christopher Froome.<\/p>\n<p style=\"font-weight: 400; text-align: justify;\"><span style=\"text-decoration: underline;\"><strong>Les engag\u00e9s (au 5\/10)<\/strong><\/span><\/p>\n<p style=\"font-weight: 400; text-align: justify;\"><strong>Team Sky :<\/strong>\u00a0Geraint Thomas, Ian Stannard, Wout Poels, Jonathan Castroviejo ;<\/p>\n<p style=\"font-weight: 400; text-align: justify;\"><strong>Katusha-Alpecin :<\/strong>\u00a0Marcel Kittel, Rick Zabel, Nils Politt, Marco Haller ;<\/p>\n<p style=\"font-weight: 400; text-align: justify;\"><strong>Movistar<\/strong>\u00a0: Alejandro Valverde, Imanol Erviti, Ruben Fernandez, Antonio Pedrero ;<\/p>\n<p style=\"font-weight: 400; text-align: justify;\"><strong>Bahrain-Merida<\/strong>\u00a0: Vincenzo Nibali, Antonio Nibali, Franco Pellizotti, Matej\u00a0Mohori\u010d \u00a0;<\/p>\n<p style=\"font-weight: 400; text-align: justify;\"><strong>UAE Emirates :<\/strong>\u00a0Alexander Kristoff, Sven Erik Bystrom, Vegard Stake Laengen, Marco Marcato ;<\/p>\n<p style=\"font-weight: 400; text-align: justify;\"><strong>Mitchelton-Scott :<\/strong>\u00a0Matteo Trentin, Damien Howson, Carlos Verona, Luka Mezgec ;<\/p>\n<p style=\"font-weight: 400; text-align: justify;\"><strong>Tour de France Japan Team :<\/strong>\u00a0Fumiyuki Beppu, Yukiya Arashiro<\/p>\n","protected":false},"excerpt":{"rendered":"<p>Le Crit\u00e9rium de Saitama attirera encore une fois du beau monde.\u00a0La 6e \u00e9dition, qui se tiendra le 4 novembre prochain, accueille cette ann\u00e9e un nouveau Maillot Jaune avec Geraint Thomas, vainqueur de la Grande Boucle en juillet. Le vainqueur 2014, Vincenzo Nibali, sera aussi de la partie pour le rendez-vous japonais de fin de saison.\u00a0Le &hellip;<\/p>\n","protected":false},"author":6,"featured_media":80488,"comment_status":"open","ping_status":"open","sticky":false,"template":"","format":"standard","meta":{"footnotes":""},"categories":[11,225,240,25,15,39],"tags":[],"class_list":["post-93751","post","type-post","status-publish","format-standard","has-post-thumbnail","hentry","category-news-niveau-2","category-championnat-du-monde","category-championnats-du-monde-2018","category-news","category-route","category-tour-de-france"],"_links":{"self":[{"href":"https:\/\/cyclingpro.net\/velopro\/wp-json\/wp\/v2\/posts\/93751","targetHints":{"allow":["GET"]}}],"collection":[{"href":"https:\/\/cyclingpro.net\/velopro\/wp-json\/wp\/v2\/posts"}],"about":[{"href":"https:\/\/cyclingpro.net\/velopro\/wp-json\/wp\/v2\/types\/post"}],"author":[{"embeddable":true,"href":"https:\/\/cyclingpro.net\/velopro\/wp-json\/wp\/v2\/users\/6"}],"replies":[{"embeddable":true,"href":"https:\/\/cyclingpro.net\/velopro\/wp-json\/wp\/v2\/comments?post=93751"}],"version-history":[{"count":0,"href":"https:\/\/cyclingpro.net\/velopro\/wp-json\/wp\/v2\/posts\/93751\/revisions"}],"wp:featuredmedia":[{"embeddable":true,"href":"https:\/\/cyclingpro.net\/velopro\/wp-json\/wp\/v2\/media\/80488"}],"wp:attachment":[{"href":"https:\/\/cyclingpro.net\/velopro\/wp-json\/wp\/v2\/media?parent=93751"}],"wp:term":[{"taxonomy":"category","embeddable":true,"href":"https:\/\/cyclingpro.net\/velopro\/wp-json\/wp\/v2\/categories?post=93751"},{"taxonomy":"post_tag","embeddable":true,"href":"https:\/\/cyclingpro.net\/velopro\/wp-json\/wp\/v2\/tags?post=93751"}],"curies":[{"name":"wp","href":"https:\/\/api.w.org\/{rel}","templated":true}]}}