{"id":93731,"date":"2018-10-07T18:35:43","date_gmt":"2018-10-07T16:35:43","guid":{"rendered":"https:\/\/cyclingpro.net\/velopro\/?p=93731"},"modified":"2018-10-07T18:35:43","modified_gmt":"2018-10-07T16:35:43","slug":"benoit-cosnefroy-je-ne-savais-pas-a-quoi-mattendre","status":"publish","type":"post","link":"https:\/\/cyclingpro.net\/velopro\/course\/paris-tours\/benoit-cosnefroy-je-ne-savais-pas-a-quoi-mattendre\/","title":{"rendered":"Beno\u00eet Cosnefroy : \u00ab Je ne savais pas \u00e0 quoi m&rsquo;attendre \u00bb"},"content":{"rendered":"<p>Le jeune fran\u00e7ais de l&rsquo;\u00e9quipe AG2R-La Mondiale, champion du monde espoir en 2016, continue d&rsquo;impressionner pour sa premi\u00e8re ann\u00e9e chez les professionnels. Il termine en effet troisi\u00e8me d&rsquo;une difficile \u00e9dition de Paris-Tours, avec ses chemins et ses bosses. D&rsquo;autant que le normand vient chercher cette place \u00e0 la p\u00e9dale, en revenant seul sur le duo Terpstra-Kragh Andersen apr\u00e8s la c\u00f4te de la Roch\u00e8re. Une performance remarquable, qui surprend l\u00e9g\u00e8rement le principal int\u00e9ress\u00e9.<\/p>\n<p>\u00ab\u00a0<em>Je ne savais pas \u00e0 quoi m&rsquo;attendre sur une course pareille.\u00a0<\/em><em>Je me sentais d\u00e9j\u00e0 bien au Canada, et aujourd&rsquo;hui encore \u00e7a allait encore mieux. Dans le final, je sentais que je pouvais faire quelque chose, pas seulement travailler pour Oli (<\/em>Naesen<em>). Mais faire podium, je n&rsquo;imaginais pas. J&rsquo;ai pay\u00e9 mon \u00e9norme effort pour rentrer et je n&rsquo;ai jamais pu r\u00e9cup\u00e9rer apr\u00e8s \u00e7a. Heureusement, notre mat\u00e9riel \u00e9tait vraiment excellent, et je n&rsquo;ai pas \u00e9t\u00e9 victime de crevaisons.\u00bb<\/em><\/p>\n<p>De l\u00e0 \u00e0 int\u00e9grer le groupe Naesen sur les futures flandriennes, Cosnefroy pr\u00e9f\u00e8re \u00eatre prudent, arguant<em>\u00ab ne pas \u00eatre \u00e0 l&rsquo;aise sur les courses de ce type, avec beaucoup de nervosit\u00e9.\u00a0<\/em>\u00bb<\/p>\n<p><span class=\"A\"><iframe loading=\"lazy\" title=\"Beno\u00eet Cosnefroy - interview d&#039;arriv\u00e9e - Paris-Tours 2018\" width=\"500\" height=\"281\" src=\"https:\/\/www.youtube.com\/embed\/k7a4OstV9Ug?feature=oembed\" frameborder=\"0\" allow=\"accelerometer; autoplay; clipboard-write; encrypted-media; gyroscope; picture-in-picture; web-share\" referrerpolicy=\"strict-origin-when-cross-origin\" allowfullscreen><\/iframe><\/span><\/p>\n","protected":false},"excerpt":{"rendered":"<p>Le jeune fran\u00e7ais de l&rsquo;\u00e9quipe AG2R-La Mondiale, champion du monde espoir en 2016, continue d&rsquo;impressionner pour sa premi\u00e8re ann\u00e9e chez les professionnels. Il termine en effet troisi\u00e8me d&rsquo;une difficile \u00e9dition de Paris-Tours, avec ses chemins et ses bosses. D&rsquo;autant que le normand vient chercher cette place \u00e0 la p\u00e9dale, en revenant seul sur le duo &hellip;<\/p>\n","protected":false},"author":11,"featured_media":0,"comment_status":"open","ping_status":"open","sticky":false,"template":"","format":"standard","meta":{"footnotes":""},"categories":[17,8,169,15],"tags":[],"class_list":["post-93731","post","type-post","status-publish","format-standard","hentry","category-une","category-interviews","category-paris-tours","category-route"],"_links":{"self":[{"href":"https:\/\/cyclingpro.net\/velopro\/wp-json\/wp\/v2\/posts\/93731","targetHints":{"allow":["GET"]}}],"collection":[{"href":"https:\/\/cyclingpro.net\/velopro\/wp-json\/wp\/v2\/posts"}],"about":[{"href":"https:\/\/cyclingpro.net\/velopro\/wp-json\/wp\/v2\/types\/post"}],"author":[{"embeddable":true,"href":"https:\/\/cyclingpro.net\/velopro\/wp-json\/wp\/v2\/users\/11"}],"replies":[{"embeddable":true,"href":"https:\/\/cyclingpro.net\/velopro\/wp-json\/wp\/v2\/comments?post=93731"}],"version-history":[{"count":0,"href":"https:\/\/cyclingpro.net\/velopro\/wp-json\/wp\/v2\/posts\/93731\/revisions"}],"wp:attachment":[{"href":"https:\/\/cyclingpro.net\/velopro\/wp-json\/wp\/v2\/media?parent=93731"}],"wp:term":[{"taxonomy":"category","embeddable":true,"href":"https:\/\/cyclingpro.net\/velopro\/wp-json\/wp\/v2\/categories?post=93731"},{"taxonomy":"post_tag","embeddable":true,"href":"https:\/\/cyclingpro.net\/velopro\/wp-json\/wp\/v2\/tags?post=93731"}],"curies":[{"name":"wp","href":"https:\/\/api.w.org\/{rel}","templated":true}]}}