{"id":93724,"date":"2018-10-07T17:58:46","date_gmt":"2018-10-07T15:58:46","guid":{"rendered":"https:\/\/cyclingpro.net\/velopro\/?p=93724"},"modified":"2018-10-07T17:58:46","modified_gmt":"2018-10-07T15:58:46","slug":"niki-terpstra-il-fallait-etre-chanceux-pour-ne-pas-crever","status":"publish","type":"post","link":"https:\/\/cyclingpro.net\/velopro\/course\/paris-tours\/niki-terpstra-il-fallait-etre-chanceux-pour-ne-pas-crever\/","title":{"rendered":"Niki Terpstra : \u00ab Il fallait \u00eatre chanceux pour ne pas crever \u00bb"},"content":{"rendered":"<p>Nouvelle performance de haut niveau, et nouveau podium sur Paris-Tours pour Niki Terpstra. Le n\u00e9erlandais, qui disputait l\u00e0 sa derni\u00e8re course avec l&rsquo;\u00e9quipe Quick-Step avant de rejoindre la formation Direct-Energie, \u00e9tait surement le plus fort aujourd&rsquo;hui, mais a \u00e9t\u00e9 pi\u00e9g\u00e9 dans le final par un malin Soren Kragh Andersen. Un r\u00e9sultat que le vainqueur du Tour des Flandres 2018 accepte, m\u00eame s&rsquo;il n&rsquo;est pas fan du nouveau parcours.<\/p>\n<p>\u00ab <em>Je voulais offrir un beau cadeau \u00e0 l&rsquo;\u00e9quipe pour ma derni\u00e8re course, donc j&rsquo;\u00e9tais tr\u00e8s motiv\u00e9. J&rsquo;ai toujours aim\u00e9 Paris-Tours, surtout l&rsquo;ancien parcours, car je pense que ce nouveau parcours se rapproche plus du cyclo-cross que de la route. Aujourd&rsquo;hui il fallait \u00eatre chanceux pour ne pas crever, ce qui est dommage, m\u00eame si j&rsquo;ai pris du plaisir. Au final, je dois me contenter de la deuxi\u00e8me place, c&rsquo;est comme \u00e7a.<\/em> \u00bb<\/p>\n<p><span class=\"4p6wgPGWjiNFmXhxCt9bsdI7Kl5HVQDTOfUAv3q2McSE1nZ\"><iframe loading=\"lazy\" title=\"Niki Terpstra - post-race interview - Paris-Tours 2018\" width=\"500\" height=\"281\" src=\"https:\/\/www.youtube.com\/embed\/fb2Mt9CmUuQ?feature=oembed\" frameborder=\"0\" allow=\"accelerometer; autoplay; clipboard-write; encrypted-media; gyroscope; picture-in-picture; web-share\" referrerpolicy=\"strict-origin-when-cross-origin\" allowfullscreen><\/iframe><\/span><\/p>\n","protected":false},"excerpt":{"rendered":"<p>Nouvelle performance de haut niveau, et nouveau podium sur Paris-Tours pour Niki Terpstra. Le n\u00e9erlandais, qui disputait l\u00e0 sa derni\u00e8re course avec l&rsquo;\u00e9quipe Quick-Step avant de rejoindre la formation Direct-Energie, \u00e9tait surement le plus fort aujourd&rsquo;hui, mais a \u00e9t\u00e9 pi\u00e9g\u00e9 dans le final par un malin Soren Kragh Andersen. Un r\u00e9sultat que le vainqueur du &hellip;<\/p>\n","protected":false},"author":11,"featured_media":0,"comment_status":"open","ping_status":"open","sticky":false,"template":"","format":"standard","meta":{"footnotes":""},"categories":[11,8,169,15],"tags":[],"class_list":["post-93724","post","type-post","status-publish","format-standard","hentry","category-news-niveau-2","category-interviews","category-paris-tours","category-route"],"_links":{"self":[{"href":"https:\/\/cyclingpro.net\/velopro\/wp-json\/wp\/v2\/posts\/93724","targetHints":{"allow":["GET"]}}],"collection":[{"href":"https:\/\/cyclingpro.net\/velopro\/wp-json\/wp\/v2\/posts"}],"about":[{"href":"https:\/\/cyclingpro.net\/velopro\/wp-json\/wp\/v2\/types\/post"}],"author":[{"embeddable":true,"href":"https:\/\/cyclingpro.net\/velopro\/wp-json\/wp\/v2\/users\/11"}],"replies":[{"embeddable":true,"href":"https:\/\/cyclingpro.net\/velopro\/wp-json\/wp\/v2\/comments?post=93724"}],"version-history":[{"count":0,"href":"https:\/\/cyclingpro.net\/velopro\/wp-json\/wp\/v2\/posts\/93724\/revisions"}],"wp:attachment":[{"href":"https:\/\/cyclingpro.net\/velopro\/wp-json\/wp\/v2\/media?parent=93724"}],"wp:term":[{"taxonomy":"category","embeddable":true,"href":"https:\/\/cyclingpro.net\/velopro\/wp-json\/wp\/v2\/categories?post=93724"},{"taxonomy":"post_tag","embeddable":true,"href":"https:\/\/cyclingpro.net\/velopro\/wp-json\/wp\/v2\/tags?post=93724"}],"curies":[{"name":"wp","href":"https:\/\/api.w.org\/{rel}","templated":true}]}}