{"id":93494,"date":"2018-10-06T16:03:34","date_gmt":"2018-10-06T14:03:34","guid":{"rendered":"https:\/\/cyclingpro.net\/velopro\/?p=93494"},"modified":"2018-10-06T16:06:04","modified_gmt":"2018-10-06T14:06:04","slug":"brico-cross-meulebeke-mathieu-van-der-poel-signe-son-retour","status":"publish","type":"post","link":"https:\/\/cyclingpro.net\/velopro\/cyclocross\/brico-cross-meulebeke-mathieu-van-der-poel-signe-son-retour\/","title":{"rendered":"Brico Cross &#8211; Meulebeke : Mathieu van der Poel signe son retour"},"content":{"rendered":"<p style=\"text-align: justify;\"><em>Pour sa premi\u00e8re sortie de la saison dans les sous-bois, Mathieu van der Poel l&rsquo;a tout simplement emport\u00e9, ce samedi, du c\u00f4t\u00e9 de Meulebeke. Le champion d&rsquo;Europe a livr\u00e9 un solo de pr\u00e8s de 45 minutes pour aller chercher la victoire, quelques secondes derri\u00e8re Wout Van Aert qui n&rsquo;a jamais \u00e9t\u00e9 capable de boucher les 10-15 secondes qui le s\u00e9paraient du N\u00e9erlandais. Quinten Hermans a pris la troisi\u00e8me place.\u00a0<\/em><\/p>\n<p class=\"p1\" style=\"text-align: justify;\">Le meilleur d\u00e9part est pris par Michael Vanthourenhout, qui aborde le premier virage en t\u00eate et qui tente ensuite de creuser m\u00e8tre par m\u00e8tre. Il n\u2019y parvient pas et on retrouve donc encore une dizaine de coureurs dans le groupe de t\u00eate apr\u00e8s le premier tour. C\u2019est ensuite son co\u00e9quipier Eli Iserbyt qui place une offensive. Celle-ci est plus tranchante et elle permet \u00e0 cinq hommes de prendre quelques m\u00e8tres au terme du deuxi\u00e8me tour : Iserbyt, Wout Van Aert, Mathieu van der Poel, Tim Merlier ainsi que Quinten Hermans. Le champion du monde d\u00e9cide alors de sortir de sa r\u00e9serve et d\u2019augmenter le tempo. Son acc\u00e9l\u00e9ration condamne Merlier.<\/p>\n<p class=\"p1\" style=\"text-align: justify;\">Puis, le champion d\u2019Europe Mathieu van der Poel y va \u00e9galement de ses coups de butoirs. Van Aert parvient \u00e0 r\u00e9pondre au premier, mais lorsque le N\u00e9erlandais relance quelques instants plus tard, il parvient \u00e0 se d\u00e9tacher de quelques m\u00e8tres. Derri\u00e8re, Van Aert travaille alors pour revenir avec Iserbyt et Hermans dans la roue. A l\u2019entame du troisi\u00e8me tour, ce sont cinq secondes qui s\u00e9parent l\u2019homme de t\u00eate du trio de chasse. Un tour plus tard, \u00e0 la mi-course, van der Poel porte son avance \u00e0 dix secondes et Hermans prend lui le relais \u00e0 Van Aert en poursuite.<\/p>\n<p class=\"p1\" style=\"text-align: justify;\">Sur un parcours rapide et relativement technique, Mathieu van der Poel poursuit son solo et gagne \u00e0 nouveau deux secondes avant d\u2019aborder les quatre derni\u00e8res boucles. Derri\u00e8re, on ne retrouve toujours que Van Aert, Iserbyt et Hermans. Le champion du monde s\u2019emploie franchement mais ne parvient pas \u00e0 r\u00e9duire l\u2019\u00e9cart et son rival n\u00e9erlandais compte donc toujours une petite dizaine de secondes d\u2019avance \u00e0 l\u2019entame du dernier quart de course. La lutte \u00e0 distance se poursuit au fil des minutes, et bien qu\u2019elle s\u2019\u00e9quilibre, elle tourne tout de m\u00eame en la faveur de van der Poel plus la ligne se rapproche. Pour sa part, Iserbyt doit laisser filer Van Aert et Hermans.<\/p>\n<p class=\"p1\" style=\"text-align: justify;\">Finalement, \u00e0 l\u2019entame du dernier tour, Mathieu van der Poel poss\u00e8de 13 secondes d\u2019avance. Soit l\u2019assurance de l\u2019emporter \u00e0 moins d\u2019un faux pas dans l\u2019ultime tour. Van Aert continue de se livrer compl\u00e8tement, et parvient d\u2019ailleurs \u00e0 d\u00e9crocher Hermans. Toutefois, van der Poel est d\u00e9j\u00e0 hors de port\u00e9e et il s&rsquo;en va donc d\u00e9crocher la victoire, pour sa premi\u00e8re course dans les labour\u00e9s cette ann\u00e9e. Van Aert prend la deuxi\u00e8me place \u00e0 moins de dix secondes, quelques longueurs devant Hermans, bon troisi\u00e8me.<\/p>\n","protected":false},"excerpt":{"rendered":"<p>Pour sa premi\u00e8re sortie de la saison dans les sous-bois, Mathieu van der Poel l&rsquo;a tout simplement emport\u00e9, ce samedi, du c\u00f4t\u00e9 de Meulebeke. Le champion d&rsquo;Europe a livr\u00e9 un solo de pr\u00e8s de 45 minutes pour aller chercher la victoire, quelques secondes derri\u00e8re Wout Van Aert qui n&rsquo;a jamais \u00e9t\u00e9 capable de boucher les &hellip;<\/p>\n","protected":false},"author":5,"featured_media":0,"comment_status":"open","ping_status":"open","sticky":false,"template":"","format":"standard","meta":{"footnotes":""},"categories":[11,5,14,15],"tags":[],"class_list":["post-93494","post","type-post","status-publish","format-standard","hentry","category-news-niveau-2","category-cyclocross","category-resultats","category-route"],"_links":{"self":[{"href":"https:\/\/cyclingpro.net\/velopro\/wp-json\/wp\/v2\/posts\/93494","targetHints":{"allow":["GET"]}}],"collection":[{"href":"https:\/\/cyclingpro.net\/velopro\/wp-json\/wp\/v2\/posts"}],"about":[{"href":"https:\/\/cyclingpro.net\/velopro\/wp-json\/wp\/v2\/types\/post"}],"author":[{"embeddable":true,"href":"https:\/\/cyclingpro.net\/velopro\/wp-json\/wp\/v2\/users\/5"}],"replies":[{"embeddable":true,"href":"https:\/\/cyclingpro.net\/velopro\/wp-json\/wp\/v2\/comments?post=93494"}],"version-history":[{"count":0,"href":"https:\/\/cyclingpro.net\/velopro\/wp-json\/wp\/v2\/posts\/93494\/revisions"}],"wp:attachment":[{"href":"https:\/\/cyclingpro.net\/velopro\/wp-json\/wp\/v2\/media?parent=93494"}],"wp:term":[{"taxonomy":"category","embeddable":true,"href":"https:\/\/cyclingpro.net\/velopro\/wp-json\/wp\/v2\/categories?post=93494"},{"taxonomy":"post_tag","embeddable":true,"href":"https:\/\/cyclingpro.net\/velopro\/wp-json\/wp\/v2\/tags?post=93494"}],"curies":[{"name":"wp","href":"https:\/\/api.w.org\/{rel}","templated":true}]}}