{"id":93492,"date":"2018-10-06T14:59:03","date_gmt":"2018-10-06T12:59:03","guid":{"rendered":"https:\/\/cyclingpro.net\/velopro\/?p=93492"},"modified":"2018-10-06T14:59:03","modified_gmt":"2018-10-06T12:59:03","slug":"tour-de-lombardie-la-startlist-provisoire","status":"publish","type":"post","link":"https:\/\/cyclingpro.net\/velopro\/course\/il-lombardia\/tour-de-lombardie-la-startlist-provisoire\/","title":{"rendered":"Tour de Lombardie : La startlist provisoire"},"content":{"rendered":"<p style=\"text-align: justify;\">Dans pr\u00e8s d&rsquo;une semaine d\u00e9sormais aura lieu le cinqui\u00e8me et dernier Monument de la saison cycliste, le Tour de Lombardie. Retrouvez ci-dessous la liste provisoire des engag\u00e9s.<\/p>\n<p style=\"text-align: justify;\"><strong>BAHRAIN \u2013 MERIDA<\/strong><br \/>\n1 NIBALI Vincenzo<br \/>\n2 IZAGIRRE INSAUSTI Gorka<br \/>\n3 IZAGIRRE INSAUSTI Ion<br \/>\n4 MOHORIC Matej<br \/>\n5 NIBALI Antonio<br \/>\n6 PELLIZOTTI Franco<br \/>\n7 POZZOVIVO Domenico<br \/>\nD.S. VOLPI Alberto<\/p>\n<p style=\"text-align: justify;\"><strong>AG2R LA MONDIALE<\/strong><br \/>\n11 BARDET Romain<br \/>\n12 CHEREL Mikael<br \/>\n13 DUPONT Hubert<br \/>\n14 FRANK Mathias<br \/>\n15 GALLOPIN Tony<br \/>\n16 GASTAUER Ben<br \/>\n17 MONTAGUTI Matteo<br \/>\nD.S. JURDIE Julien<\/p>\n<p style=\"text-align: justify;\"><strong>ANDRONI GIOCATTOLI \u2013 SIDERMEC<\/strong><br \/>\n21 SOSA CUERVO Ivan Ramiro<br \/>\n22 BALLERINI Davide<br \/>\n23 CATTANEO Mattia<br \/>\n24 FRAPPORTI Marco<br \/>\n25 GAVAZZI Francesco<br \/>\n26 MASNADA Fausto<br \/>\n27 VENDRAME Andrea<br \/>\nD.S. ELLENA Giovanni<\/p>\n<p style=\"text-align: justify;\"><strong>ASTANA PRO TEAM<\/strong><br \/>\n31 FUGLSANG Jakob<br \/>\n32 CATALDO Dario<br \/>\n33 FRAILE MATARRANZ Omar<br \/>\n34 HOULE Hugo<br \/>\n35 SANCHEZ Luis Le\u00f3n<br \/>\n36 STALNOV Nikita<br \/>\n37 VILLELLA Davide<br \/>\nD.S. ZANINI Stefano<\/p>\n<p style=\"text-align: justify;\"><strong>BARDIANI CSF<\/strong><br \/>\n41 CICCONE Giulio<br \/>\n42 CARBONI Giovanni<br \/>\n43 ORSINI Umberto<br \/>\n44 ROTA Lorenzo<br \/>\n45 SENNI Manuel<br \/>\n46 TONELLI Alessandro<br \/>\n47 WACKERMANN Luca<br \/>\nD.S. REVERBERI Roberto<\/p>\n<p style=\"text-align: justify;\"><strong>BMC RACING TEAM<\/strong><br \/>\n51 VAN AVERMAET Greg<br \/>\n52 BETTIOL Alberto<br \/>\n53 DE MARCHI Alessandro<br \/>\n54 DENNIS Rohan<br \/>\n55 ROSSKOPF Joseph<br \/>\n56 TEUNS Dylan<br \/>\n57 VLIEGEN Lo\u00efc<br \/>\nD.S. PIVA Valerio<\/p>\n<p style=\"text-align: justify;\"><strong>BORA-HANSGROHE<\/strong><br \/>\n61 MAJKA Rafal<br \/>\n62 BENEDETTI Cesare<br \/>\n63 BUCHMANN Emanuel<br \/>\n64 FORMOLO Davide<br \/>\n65 KONRAD Patrick<br \/>\n66 PFINGSTEN Christoph<br \/>\n67 POLJANSKI Pawel<br \/>\nD.S. ZEMKE Jens<\/p>\n<p style=\"text-align: justify;\"><strong>GROUPAMA \u2013 FDJ<\/strong><br \/>\n71 PINOT Thibaut<br \/>\n72 BONNET William<br \/>\n73 GAUDU David<br \/>\n74 LADAGNOUS Matthieu<br \/>\n75 MORABITO Steve<br \/>\n76 PREIDLER Georg<br \/>\n77 REICHENBACH S\u00e9bastien<br \/>\nD.S. JOLY Sebastien<\/p>\n<p style=\"text-align: justify;\"><strong>ISRAEL CYCLING ACADEMY<\/strong><br \/>\n81 HERMANS Ben<br \/>\n82 ANDEMESKEL Awet<br \/>\n83 DIAZ GALLEGO Jose Manuel<br \/>\n84 NEILANDS Krists<br \/>\n85 NIV Guy<br \/>\n86 PLAZA Ruben<br \/>\n87 SBARAGLI Kristian<br \/>\nD.S. ANDRLE Ren\u00e9<\/p>\n<p style=\"text-align: justify;\"><strong>LOTTO SOUDAL<\/strong><br \/>\n91 WELLENS Tim<br \/>\n92 BENOOT Tiesj<br \/>\n93 DE GENDT Thomas<br \/>\n94 KEUKELEIRE Jens<br \/>\n95 LAMBRECHT Bjorg<br \/>\n96 MONFORT Maxime<br \/>\n97 VANENDERT Jelle<br \/>\nD.S. LEYSEN Bart<\/p>\n<p style=\"text-align: justify;\"><strong>MITCHELTON \u2013 SCOTT<\/strong><br \/>\n101 YATES Simon Philip<br \/>\n102 ALBASINI Michael<br \/>\n103 HAIG Jack<br \/>\n104 KREUZIGER Roman<br \/>\n105 NIEVE ITURRALDE Mikel<br \/>\n106 VERONA Carlos<br \/>\n107 YATES Adam<br \/>\nD.S. McPARTLAND David<\/p>\n<p style=\"text-align: justify;\"><strong>MOVISTAR TEAM<\/strong><br \/>\n111 VALVERDE Alejandro<br \/>\n112 CARAPAZ Richard<br \/>\n113 LANDA MEANA Mikel<br \/>\n114 OLIVEIRA Nelson<br \/>\n115 PEDRERO Antonio<br \/>\n116 ROJAS Jos\u00e9<br \/>\n117 SOLER Marc<br \/>\nD.S. GARCIA Jose Vicente<\/p>\n<p style=\"text-align: justify;\"><strong>NIPPO \u2013 VINI FANTINI \u2013 EUROPA<\/strong><br \/>\n121 LOBATO DEL VALLE Juan Jose<br \/>\n122 BAGIOLI Nicola<br \/>\n123 BOU COMPANY Joan<br \/>\n124 PONZI Simone<br \/>\n125 SANTAROMITA Ivan<br \/>\n126 TIZZA Marco<br \/>\n127 ZACCANTI Filippo<br \/>\nD.S. MANZONI Mario<\/p>\n<p style=\"text-align: justify;\"><strong>QUICK-STEP FLOORS<\/strong><br \/>\n131 ALAPHILIPPE Julian<br \/>\n132 ASGREEN Kasper<br \/>\n133 CAPECCHI Eros<br \/>\n134 DE PLUS Laurens<br \/>\n135 JUNGELS Bob<br \/>\n136 MAS NICOLAU Enric<br \/>\n137 SERRY Pieter<br \/>\nD.S. BRAMATI Davide<\/p>\n<p style=\"text-align: justify;\"><strong>TEAM DIMENSION DATA<\/strong><br \/>\n141 CUMMINGS Stephen<br \/>\n142 DAVIES Scott<br \/>\n143 KUDUS Merhawi<br \/>\n144 O\u2019CONNOR Ben<br \/>\n145 PAUWELS Serge<br \/>\n146 VAN ZYL Johann<br \/>\n147 VERMOTE Julien<br \/>\nD.S. FERNANDEZ Bingen<\/p>\n<p style=\"text-align: justify;\"><strong>TEAM EF EDUCATION FIRST<\/strong><br \/>\n151 WOODS Michael<br \/>\n152 BROWN Nathan<br \/>\n153 CLARKE Simon<br \/>\n154 DOMBROWSKI Joseph Lloyd<br \/>\n155 MARTINEZ POVEDA Daniel F.<br \/>\n156 MORENO FERNANDEZ Daniel<br \/>\n157 URAN Rigoberto<br \/>\nD.S. GUIDI Fabrizio<\/p>\n<p style=\"text-align: justify;\"><strong>TEAM FORTUNEO \u2013 SAMSIC<\/strong><br \/>\n161 BARGUIL Warren<br \/>\n162 BOUET Maxime<br \/>\n163 DELAPLACE Anthony<br \/>\n164 FEILLU Brice<br \/>\n165 GESBERT Elie<br \/>\n166 LEDANOIS Kevin<br \/>\n167 MAISON J\u00e9r\u00e9my<br \/>\nD.S. LEDANOIS Yvon<\/p>\n<p style=\"text-align: justify;\"><strong>TEAM KATUSHA ALPECIN<\/strong><br \/>\n171 ZAKARIN Ilnur<br \/>\n172 BELKOV Maxim<br \/>\n173 BOSWELL Ian<br \/>\n174 HOLLENSTEIN Reto<br \/>\n175 KISERLOVSKI Robert<br \/>\n176 KOCHETKOV Pavel<br \/>\n177 SPILAK Simon<br \/>\nD.S. KONYCHEV Dmitriy<\/p>\n<p style=\"text-align: justify;\"><strong>TEAM LOTTO NL \u2013 JUMBO<\/strong><br \/>\n181 ROGLIC Primoz<br \/>\n182 BENNETT George<br \/>\n183 BOUWMAN Koen<br \/>\n184 GESINK Robert<br \/>\n185 KRUIJSWIJK Steven<br \/>\n186 DE TIER Floris<br \/>\n187 TOLHOEK Antwan<br \/>\nD.S. ENGELS Addy<\/p>\n<p style=\"text-align: justify;\"><strong>TEAM SKY<\/strong><br \/>\n191 BERNAL GOMEZ Egan Arley<br \/>\n192 DE LA CRUZ MELGAREJO David<br \/>\n193 ELISSONDE Kenny<br \/>\n194 HENAO GOMEZ Sebastian<br \/>\n195 HENAO MONTOYA Sergio Luis<br \/>\n196 MOSCON Gianni<br \/>\n197 ROSA Diego<br \/>\nD.S. TOSATTO Matteo<\/p>\n<p style=\"text-align: justify;\"><strong>TEAM SUNWEB<\/strong><br \/>\n201 KELDERMAN Wilco<br \/>\n202 HAMILTON Christopher<br \/>\n203 HINDLEY Jai<br \/>\n204 K\u00c4MNA Lennard<br \/>\n205 MATTHEWS Michael<br \/>\n206 OOMEN Sam<br \/>\n207 STORER Michael<br \/>\nD.S. VAN DONGEN Arthur<\/p>\n<p style=\"text-align: justify;\"><strong>TREK \u2013 SEGAFREDO<\/strong><br \/>\n211 MOLLEMA Bauke<br \/>\n212 ALAFACI Eugenio<br \/>\n213 CONCI Nicola<br \/>\n214 DIDIER Laurent<br \/>\n215 EG Niklas<br \/>\n216 GOGL Michael<br \/>\n217 SKUJINS Toms<br \/>\nD.S. DE JONGH Steven<\/p>\n<p style=\"text-align: justify;\"><strong>UAE TEAM EMIRATES<\/strong><br \/>\n221 FARIA DA COSTA Rui Alberto<br \/>\n222 GANNA Filippo<br \/>\n223 MARCATO Marco<br \/>\n224 MARTIN Daniel<br \/>\n225 MORI Manuele<br \/>\n226 RAVASI Edward<br \/>\n227 SUTHERLAND Rory<br \/>\nD.S. SCIREA Mario<\/p>\n<p style=\"text-align: justify;\"><strong>WILIER TRIESTINA \u2013 SELLE ITALIA<\/strong><br \/>\n231 BUSATO Matteo<br \/>\n232 FLOREZ LOPEZ Miguel Eduardo<br \/>\n233 KOSHEVOY Ilia<br \/>\n234 RAGGIO Luca<br \/>\n235 SCH\u00d6NBERGER Sebastian<br \/>\n236 VELASCO Simone<br \/>\n237 ZARDINI Edoardo<br \/>\nD.S. SCINTO Luca<\/p>\n","protected":false},"excerpt":{"rendered":"<p>Dans pr\u00e8s d&rsquo;une semaine d\u00e9sormais aura lieu le cinqui\u00e8me et dernier Monument de la saison cycliste, le Tour de Lombardie. Retrouvez ci-dessous la liste provisoire des engag\u00e9s. BAHRAIN \u2013 MERIDA 1 NIBALI Vincenzo 2 IZAGIRRE INSAUSTI Gorka 3 IZAGIRRE INSAUSTI Ion 4 MOHORIC Matej 5 NIBALI Antonio 6 PELLIZOTTI Franco 7 POZZOVIVO Domenico D.S. VOLPI &hellip;<\/p>\n","protected":false},"author":5,"featured_media":44551,"comment_status":"open","ping_status":"open","sticky":false,"template":"","format":"standard","meta":{"footnotes":""},"categories":[11,15,16,146],"tags":[],"class_list":["post-93492","post","type-post","status-publish","format-standard","has-post-thumbnail","hentry","category-news-niveau-2","category-route","category-startlist","category-il-lombardia"],"_links":{"self":[{"href":"https:\/\/cyclingpro.net\/velopro\/wp-json\/wp\/v2\/posts\/93492","targetHints":{"allow":["GET"]}}],"collection":[{"href":"https:\/\/cyclingpro.net\/velopro\/wp-json\/wp\/v2\/posts"}],"about":[{"href":"https:\/\/cyclingpro.net\/velopro\/wp-json\/wp\/v2\/types\/post"}],"author":[{"embeddable":true,"href":"https:\/\/cyclingpro.net\/velopro\/wp-json\/wp\/v2\/users\/5"}],"replies":[{"embeddable":true,"href":"https:\/\/cyclingpro.net\/velopro\/wp-json\/wp\/v2\/comments?post=93492"}],"version-history":[{"count":0,"href":"https:\/\/cyclingpro.net\/velopro\/wp-json\/wp\/v2\/posts\/93492\/revisions"}],"wp:featuredmedia":[{"embeddable":true,"href":"https:\/\/cyclingpro.net\/velopro\/wp-json\/wp\/v2\/media\/44551"}],"wp:attachment":[{"href":"https:\/\/cyclingpro.net\/velopro\/wp-json\/wp\/v2\/media?parent=93492"}],"wp:term":[{"taxonomy":"category","embeddable":true,"href":"https:\/\/cyclingpro.net\/velopro\/wp-json\/wp\/v2\/categories?post=93492"},{"taxonomy":"post_tag","embeddable":true,"href":"https:\/\/cyclingpro.net\/velopro\/wp-json\/wp\/v2\/tags?post=93492"}],"curies":[{"name":"wp","href":"https:\/\/api.w.org\/{rel}","templated":true}]}}