{"id":93443,"date":"2018-10-05T21:55:45","date_gmt":"2018-10-05T19:55:45","guid":{"rendered":"https:\/\/cyclingpro.net\/velopro\/?p=93443"},"modified":"2018-10-05T21:57:12","modified_gmt":"2018-10-05T19:57:12","slug":"lactu-en-bref-pozzato-vers-la-retraite-deja-6-sunweb-connus-pour-le-tour-de-france","status":"publish","type":"post","link":"https:\/\/cyclingpro.net\/velopro\/route\/lactu-en-bref-pozzato-vers-la-retraite-deja-6-sunweb-connus-pour-le-tour-de-france\/","title":{"rendered":"L&rsquo;actu en bref : Pozzato vers la retraite ? D\u00e9j\u00e0 6 Sunweb connus pour le Tour de France&#8230;"},"content":{"rendered":"<p><strong>Filippo Pozzato plus proche de la retraite que pr\u00e9vu ?<\/strong><\/p>\n<p>Filippo Pozzato (Wilier Triestina &#8211; Selle Italia) avait annonc\u00e9 de poursuivre pour encore une saison ou deux apr\u00e8s 2018 mais une r\u00e9cente interview donn\u00e9e \u00e0 La Derni\u00e8re Heure &#8211; Les Sports jette le doute sur cette hypoth\u00e8se. Le coureur italien tout juste 37 ans n&rsquo;affirme pas clairement qu&rsquo;il va prendre sa retraite en fin d&rsquo;ann\u00e9e mais le ton utilis\u00e9 le laisse penser et d&rsquo;ailleurs l&rsquo;article lui-m\u00eame est tourn\u00e9 de mani\u00e8re \u00e0 ne pas vraiment laisser de doute sur l&rsquo;issue. \u00ab\u00a0<em>Je ne me suis vraiment pas amus\u00e9 ces derni\u00e8res ann\u00e9es car j\u2019ai eu beaucoup de probl\u00e8mes avec l\u2019\u00e9quipe. Quand tu ne peux pas jouer un r\u00f4le dans la course car le collectif n\u2019est pas assez fort, c\u2019est difficile de conserver la motivation.\u00a0Mes jambes sont encore bonnes mais la t\u00eate ne suit plus vraiment. Je ne parviens plus \u00e0 prendre de risques et c\u2019est difficile de gagner dans ces conditions. Apr\u00e8s 30 ans, c\u2019est clairement la passion qui m\u2019a fait continuer<\/em>\u00ab\u00a0.<\/p>\n<p><strong>D\u00e9j\u00e0 6 coureurs Sunweb connus pour le Tour de France 2019<\/strong><\/p>\n<p>Tom Dumoulin (Sunweb) aura le Tour de France pour grand objectif 2019. \u00c7a, on le savait d\u00e9j\u00e0 depuis la fin du Tour de cette ann\u00e9e o\u00f9 il avait affirm\u00e9 son intention d&rsquo;orienter sa saison 2019 sur la Grande Boucle (<a href=\"https:\/\/cyclingpro.net\/velopro\/course\/tour-de-france\/tom-dumoulin-axera-sa-saison-2019-sur-le-tour-de-france\/\">lire ici<\/a>). Dans une interview donn\u00e9e \u00e0 NOS, Dumoulin r\u00e9affirme cet agenda mais pr\u00e9cise tout de m\u00eame que si le parcours ne lui convient pas, il pourrait changer ses plans. Le trac\u00e9 d\u00e9finitif du Tour sera d\u00e9voil\u00e9 le 25 octobre prochain. Dans cette interview on apprend surtout que, sauf changement de plans, l&rsquo;\u00e9quipe Sunweb pour le Tour de France 2019 est d\u00e9j\u00e0 quasiment faite. Ainsi Dumoulin pourra compter sur un de ses \u00e9quipiers pr\u00e9f\u00e9r\u00e9s, Wilco Kelderman, s&rsquo;il ne se blesse pas avant. Kelderman ayant \u00e9t\u00e9 particuli\u00e8rement malchanceux ces derni\u00e8res ann\u00e9es (\u00e9limin\u00e9 du Giro 2017 \u00e0 cause de la chute provoqu\u00e9e par la moto de la Polizia Stradale, out du Tour 2018 avant m\u00eame qu&rsquo;il ne d\u00e9marre \u00e0 cause d&rsquo;une chute sur son championnat national&#8230;). Outre Kelderman les deux jeunes talents Sam Oomen et\u00a0S\u00f8ren Kragh Andersen devraient \u00eatre de la partie. Nicolas Roche devrait aussi bien \u00e9videmment \u00eatre l\u00e0 puisque la principale raison de sa venue chez Sunweb est d&rsquo;aider Dumoulin \u00e0 gagner le Tour. Enfin Michael Matthews est \u00e9videmment incontournable. Le sixi\u00e8me coureur \u00e9tant Dumoulin lui-m\u00eame.<\/p>\n<p>Par ailleurs, celui qui a r\u00e9ussi l&rsquo;exploit de terminer deuxi\u00e8me du Giro et deuxi\u00e8me du Tour cette ann\u00e9e confirme aussi qu&rsquo;avant le Tour, les Ardennaises seront un de ses grands objectifs.<\/p>\n<p><strong>Giant \u00e9quipera la future \u00e9quipe CCC Team (actuelle BMC)<\/strong><\/p>\n<p>C&rsquo;est une officialisation plus qu&rsquo;autre chose car les rumeurs liant l&rsquo;avenir de l&rsquo;actuelle \u00e9quipe BMC \u00e0 l&rsquo;\u00e9quipementier Giant datent du mois de mai. La future \u00e9quipe CCC Team (actuelle BMC) et son \u00e9quipe r\u00e9serve CCC Development Team (actuelle CCC) rouleront donc sur Giant, qui \u00e9tait jusqu&rsquo;ici li\u00e9 \u00e0 Sunweb (qui s&rsquo;est m\u00eame appel\u00e9e Giant entre 2014 et 2016). L&rsquo;\u00e9quipe f\u00e9minine CCC (r\u00e9sultat de l&rsquo;absorption de l&rsquo;actuelle \u00e9quipe WaowDeals par BMC\/CCC) roulera naturellement sur Liv, la filiale de Giant sp\u00e9cialement d\u00e9di\u00e9e aux femmes, qui deviendra m\u00eame sponsor titre de l&rsquo;\u00e9quipe CCC &#8211; Liv Team.<\/p>\n<p><strong>Tim Wellens et Thomas De Gendt rentreront de Lombardie \u00e0 v\u00e9lo<\/strong><\/p>\n<p>Les deux coureurs de Lotto &#8211; Soudal n&rsquo;ont visiblement pas envie de raccrocher leur v\u00e9lo \u00e0 l&rsquo;issue du Tour de Lombardie qui cl\u00f4turera la saison 2018 (du moins en ce qui concerne les grandes courses) le samedi 13 octobre prochain. Malgr\u00e9 plus de 12 000 kilom\u00e8tres d\u00e9j\u00e0 parcourus en comp\u00e9tition pour De Gendt et pr\u00e8s de 10 000 pour Wellens, sans oublier les longues heures d&rsquo;entrainement, les deux coureurs belges rentreront du Tour de Lombardie jusqu&rsquo;en Belgique \u00e0 v\u00e9lo. Soit un p\u00e9riple de plus de 1 000 kilom\u00e8tres qu&rsquo;ils auraient d\u00e9j\u00e0 d\u00e9coup\u00e9 en six \u00e9tapes.<\/p>\n","protected":false},"excerpt":{"rendered":"<p>Filippo Pozzato plus proche de la retraite que pr\u00e9vu ? Filippo Pozzato (Wilier Triestina &#8211; Selle Italia) avait annonc\u00e9 de poursuivre pour encore une saison ou deux apr\u00e8s 2018 mais une r\u00e9cente interview donn\u00e9e \u00e0 La Derni\u00e8re Heure &#8211; Les Sports jette le doute sur cette hypoth\u00e8se. Le coureur italien tout juste 37 ans n&rsquo;affirme &hellip;<\/p>\n","protected":false},"author":4,"featured_media":60098,"comment_status":"open","ping_status":"open","sticky":false,"template":"","format":"standard","meta":{"footnotes":""},"categories":[11,15,221,39,146],"tags":[],"class_list":["post-93443","post","type-post","status-publish","format-standard","has-post-thumbnail","hentry","category-news-niveau-2","category-route","category-sponsors","category-tour-de-france","category-il-lombardia"],"_links":{"self":[{"href":"https:\/\/cyclingpro.net\/velopro\/wp-json\/wp\/v2\/posts\/93443","targetHints":{"allow":["GET"]}}],"collection":[{"href":"https:\/\/cyclingpro.net\/velopro\/wp-json\/wp\/v2\/posts"}],"about":[{"href":"https:\/\/cyclingpro.net\/velopro\/wp-json\/wp\/v2\/types\/post"}],"author":[{"embeddable":true,"href":"https:\/\/cyclingpro.net\/velopro\/wp-json\/wp\/v2\/users\/4"}],"replies":[{"embeddable":true,"href":"https:\/\/cyclingpro.net\/velopro\/wp-json\/wp\/v2\/comments?post=93443"}],"version-history":[{"count":0,"href":"https:\/\/cyclingpro.net\/velopro\/wp-json\/wp\/v2\/posts\/93443\/revisions"}],"wp:featuredmedia":[{"embeddable":true,"href":"https:\/\/cyclingpro.net\/velopro\/wp-json\/wp\/v2\/media\/60098"}],"wp:attachment":[{"href":"https:\/\/cyclingpro.net\/velopro\/wp-json\/wp\/v2\/media?parent=93443"}],"wp:term":[{"taxonomy":"category","embeddable":true,"href":"https:\/\/cyclingpro.net\/velopro\/wp-json\/wp\/v2\/categories?post=93443"},{"taxonomy":"post_tag","embeddable":true,"href":"https:\/\/cyclingpro.net\/velopro\/wp-json\/wp\/v2\/tags?post=93443"}],"curies":[{"name":"wp","href":"https:\/\/api.w.org\/{rel}","templated":true}]}}