{"id":93438,"date":"2018-10-05T20:46:28","date_gmt":"2018-10-05T18:46:28","guid":{"rendered":"https:\/\/cyclingpro.net\/velopro\/?p=93438"},"modified":"2018-10-05T20:56:11","modified_gmt":"2018-10-05T18:56:11","slug":"tanguy-turgis-oblige-darreter-sa-carriere","status":"publish","type":"post","link":"https:\/\/cyclingpro.net\/velopro\/infirmerie\/tanguy-turgis-oblige-darreter-sa-carriere\/","title":{"rendered":"Tanguy Turgis oblig\u00e9 d&rsquo;arr\u00eater sa carri\u00e8re"},"content":{"rendered":"<p>\u00ab\u00a0<em>C\u2019est avec beaucoup d\u2019\u00e9motion que l\u2019ensemble du Vital Concept Cycling Club a appris cette semaine que le benjamin de son effectif \u00e9tait contraint de mettre fin \u00e0 sa carri\u00e8re de coureur cycliste professionnel<\/em>\u00ab\u00a0. C&rsquo;est ainsi que commence le long communiqu\u00e9 de la formation Vital Concept annon\u00e7ant l&rsquo;arr\u00eat imm\u00e9diat de la carri\u00e8re de Tanguy Turgis. Le cadet de la fratrie Turgis, \u00e2g\u00e9 de seulement 20 ans, souffre d&rsquo;une malformation cardiaque \u00ab\u00a0<em>incompatible avec la pratique du sport de haut niveau<\/em>\u00ab\u00a0.<\/p>\n<p>\u00ab\u00a0<em>Le jeune Francilien avait connu une alerte lors de la Famenne Ardenne Classic<\/em>\u00a0\u00bb poursuit le communiqu\u00e9 de l&rsquo;\u00e9quipe bretonne. Apr\u00e8s un transfert \u00e0 l&rsquo;h\u00f4pital de Marche-en-Famenne, Turgis a \u00e9t\u00e9 transf\u00e9r\u00e9 au CHU de Rennes o\u00f9 il a subi un test d&rsquo;effort. Le diagnostic n&rsquo;a pas tard\u00e9 \u00e0 tomber et met fin aux r\u00eaves du coureur des Hauts-de-Seine.<\/p>\n<p><em>\u00ab\u00a0Les m\u00e9decins ont malheureusement confirm\u00e9 ce que je redoutais depuis le test d\u2019effort effectu\u00e9 lundi<\/em>.\u00a0<em>Je souffre d\u2019une anomalie susceptible de s\u2019aggraver avec le temps et il est interdit de prendre le moindre risque. M\u00eame si je pourrai encore rouler \u00e0 allure mod\u00e9r\u00e9e et partager quelques sorties avec mes proches, je ne peux plus faire de sport de haut-niveau et c\u2019est comme si tout s\u2019\u00e9croulait. Cette nouvelle va changer ma vie. C\u2019est dur \u00e0 accepter car j\u2019aime le v\u00e9lo par-dessus tout et j\u2019ai un peu l\u2019impression d\u2019abandonner mes fr\u00e8res\u2026 J\u2019avais tellement h\u00e2te de retrouver Jimmy \u00e0 mes c\u00f4t\u00e9s la saison prochaine, sous le m\u00eame maillot. Il va me falloir du temps pour accepter cette d\u00e9cision mais j\u2019esp\u00e8re rester dans le monde du v\u00e9lo. J\u2019aime trop cela et j\u2019aimerais accompagner mes fr\u00e8res, les aider comme je le pourrai et leur rendre ce qu\u2019ils m\u2019ont apport\u00e9 toutes ces ann\u00e9es\u2026 N\u00e9anmoins, le cardiologue m\u2019a expliqu\u00e9 que c\u2019aurait pu \u00eatre pire et c\u2019est ce qu\u2019il faut retenir. J\u2019ai la chance d\u2019\u00eatre accompagn\u00e9 par un staff qui me soutient et veut m\u2019aider, quoi que je d\u00e9cide. Je vais d\u00e9sormais r\u00e9fl\u00e9chir \u00e0 mon apr\u00e8s-carri\u00e8re. J\u2019ai souvent song\u00e9 \u00e0 ce que je pourrais faire apr\u00e8s avoir arr\u00eat\u00e9 le v\u00e9lo mais je ne m\u2019imaginais pas devoir le faire si t\u00f4t\u00a0\u00bb .<\/em><\/p>\n<p>Du c\u00f4t\u00e9 de J\u00e9r\u00f4me Pineau, le manager de Vital Concept, m\u00eame sentiment entre tristesse et prise de conscience d&rsquo;avoir \u00e9vit\u00e9 le pire. \u00ab\u00a0<em>Cette nouvelle met fin aux r\u00eaves d\u2019un gamin et c\u2019est d\u2019une tristesse infinie. Mais nous avons, heureusement, b\u00e9n\u00e9fici\u00e9 de la comp\u00e9tence de professionnels qui nous ont permis d\u2019\u00e9viter de vivre un drame comme le sport en conna\u00eet parfois. Malgr\u00e9 le choc et la d\u00e9ception ressentis \u00e0 l\u2019annonce du diagnostic, nous pouvons nous estimer chanceux. Depuis plusieurs jours, je pense beaucoup aux familles des sportifs et coureurs cyclistes qui nous ont quitt\u00e9s en pratiquant leur passion. Fabrice Salanson, le Belge Daan Myngheer voil\u00e0 deux ans ou son compatriote Michael Goolaerts lors du dernier Paris-Roubaix&#8230; Nous avons eu la chance d\u2019\u00e9viter cela et notre but aujourd\u2019hui est d\u2019accompagner Tanguy du mieux que nous le pourrons et aussi longtemps qu\u2019il le souhaitera. Comment l\u2019aider \u00e0 pr\u00e9parer l\u2019apr\u00e8s-v\u00e9lo ? Depuis la gen\u00e8se du Club, nous fondions beaucoup d\u2019espoirs sur Tanguy et vice-versa. Nous ne le l\u00e2cherons pas. Il fera toujours partie de l\u2019\u00e9quipe et nous trouverons ensemble la place qui lui conviendra le mieux. Nous l\u2019aiderons \u00e0 se former au m\u00e9tier qu\u2019il choisira. Cet hiver, nous accueillerons son fr\u00e8re a\u00een\u00e9 Jimmy au sein du Club et il devra d\u00e9sormais gagner sans son fr\u00e8re. La vie continue et c\u2019est notre chance. Tanguy est dot\u00e9 d\u2019un caract\u00e8re qui lui permettra de r\u00e9ussir, quoi qu\u2019il d\u00e9cide. Il saura utiliser dans sa future carri\u00e8re les qualit\u00e9s qui faisaient de lui le coureur qu\u2019il \u00e9tait : teigneux, battant, perfectionniste, passionn\u00e9 et curieux de tout. Malgr\u00e9 son jeune \u00e2ge, il a une immense connaissance de ce sport et plein de belles choses l\u2019attendent, professionnelles et personnelles\u2026\u00a0<\/em><em>Ce coup dur doit nous inciter \u00e0 multiplier les pr\u00e9cautions \u00e0 prendre afin de d\u00e9tecter ce type de pathologies, reconna\u00eet J\u00e9r\u00f4me Pineau. Nous t\u00e2cherons de sensibiliser nos pairs, les autres responsables d\u2019\u00e9quipes et les coureurs eux-m\u00eames. Nous allons accentuer le processus de d\u00e9pistage pour nos athl\u00e8tes et continuer de faire grandir le Club. Peut-\u00eatre serons-nous amen\u00e9s \u00e0 accueillir une nouvelle recrue pour b\u00e9n\u00e9ficier, comme pr\u00e9vu, d\u2019un effectif de vingt-quatre coureurs en 2019 mais une chose est s\u00fbre : personne ne remplacera Tanguy\u00a0\u00bb.\u00a0<\/em><\/p>\n","protected":false},"excerpt":{"rendered":"<p>\u00ab\u00a0C\u2019est avec beaucoup d\u2019\u00e9motion que l\u2019ensemble du Vital Concept Cycling Club a appris cette semaine que le benjamin de son effectif \u00e9tait contraint de mettre fin \u00e0 sa carri\u00e8re de coureur cycliste professionnel\u00ab\u00a0. C&rsquo;est ainsi que commence le long communiqu\u00e9 de la formation Vital Concept annon\u00e7ant l&rsquo;arr\u00eat imm\u00e9diat de la carri\u00e8re de Tanguy Turgis. Le &hellip;<\/p>\n","protected":false},"author":4,"featured_media":93442,"comment_status":"open","ping_status":"open","sticky":false,"template":"","format":"standard","meta":{"footnotes":""},"categories":[27,11,41,15,10],"tags":[],"class_list":["post-93438","post","type-post","status-publish","format-standard","has-post-thumbnail","hentry","category-gros-bloc","category-news-niveau-2","category-infirmerie","category-route","category-mercato"],"_links":{"self":[{"href":"https:\/\/cyclingpro.net\/velopro\/wp-json\/wp\/v2\/posts\/93438","targetHints":{"allow":["GET"]}}],"collection":[{"href":"https:\/\/cyclingpro.net\/velopro\/wp-json\/wp\/v2\/posts"}],"about":[{"href":"https:\/\/cyclingpro.net\/velopro\/wp-json\/wp\/v2\/types\/post"}],"author":[{"embeddable":true,"href":"https:\/\/cyclingpro.net\/velopro\/wp-json\/wp\/v2\/users\/4"}],"replies":[{"embeddable":true,"href":"https:\/\/cyclingpro.net\/velopro\/wp-json\/wp\/v2\/comments?post=93438"}],"version-history":[{"count":0,"href":"https:\/\/cyclingpro.net\/velopro\/wp-json\/wp\/v2\/posts\/93438\/revisions"}],"wp:featuredmedia":[{"embeddable":true,"href":"https:\/\/cyclingpro.net\/velopro\/wp-json\/wp\/v2\/media\/93442"}],"wp:attachment":[{"href":"https:\/\/cyclingpro.net\/velopro\/wp-json\/wp\/v2\/media?parent=93438"}],"wp:term":[{"taxonomy":"category","embeddable":true,"href":"https:\/\/cyclingpro.net\/velopro\/wp-json\/wp\/v2\/categories?post=93438"},{"taxonomy":"post_tag","embeddable":true,"href":"https:\/\/cyclingpro.net\/velopro\/wp-json\/wp\/v2\/tags?post=93438"}],"curies":[{"name":"wp","href":"https:\/\/api.w.org\/{rel}","templated":true}]}}