{"id":93395,"date":"2018-10-05T10:15:43","date_gmt":"2018-10-05T08:15:43","guid":{"rendered":"https:\/\/cyclingpro.net\/velopro\/?p=93395"},"modified":"2018-10-05T10:16:17","modified_gmt":"2018-10-05T08:16:17","slug":"calendrier-2019-le-challenge-de-majorque-et-le-tour-de-murcie-auront-bien-lieu","status":"publish","type":"post","link":"https:\/\/cyclingpro.net\/velopro\/route\/calendrier-2019-le-challenge-de-majorque-et-le-tour-de-murcie-auront-bien-lieu\/","title":{"rendered":"Calendrier 2019 : Le Challenge de Majorque et le Tour de Murcie auront bien lieu"},"content":{"rendered":"<p>Mercredi dernier \u00e9tait publi\u00e9 le calendrier EuropeTour 2019 et comme \u00e0 chaque fois, certaines \u00e9preuves manquent, \u00e0 tort ou \u00e0 raison. C&rsquo;est ainsi par exemple qu&rsquo;on ne retrouve pas le Challenge de Majorque qui ouvre habituellement la saison europ\u00e9enne de cyclisme sur route. Renseignements pris aupr\u00e8s des organisateurs, l&rsquo;\u00e9preuve\u00a0Bal\u00e9are aura bien lieu, sous son format habituel du 31 janvier au 3 f\u00e9vrier 2019.<\/p>\n<p>Autre grand absent : le Tour de Murcie. Il y avait plus d&rsquo;inqui\u00e9tudes autour de cette \u00e9preuve car souvenez-vous le feuilleton qui avait entour\u00e9 l&rsquo;\u00e9dition 2018. Dans un premier temps les organisateurs annon\u00e7aient leur intention de passer l&rsquo;\u00e9preuve d&rsquo;une journ\u00e9e \u00e0 deux jours de comp\u00e9tition en demandant \u00e0 la R\u00e9gion de Murcie une enveloppe budg\u00e9taire suppl\u00e9mentaire de 15 000\u20ac qui permettrait d&rsquo;organiser un contre-la-montre le vendredi (l&rsquo;\u00e9preuve d&rsquo;un jour se d\u00e9roulant jusqu&rsquo;ici le samedi et \u00e9tant suivie le dimanche de la\u00a0Cl\u00e1sica de Almer\u00eda). Puis l&rsquo;option du contre-la-montre avait \u00e9t\u00e9 abandonn\u00e9e au profit de la cr\u00e9ation d&rsquo;une \u00e9preuve f\u00e9minine&#8230; mais tout \u00e7a sans assurance d&rsquo;obtenir l&rsquo;augmentation de subvention demand\u00e9e. Et c&rsquo;\u00e9tait finalement tout le contraire qui s&rsquo;\u00e9tait produit puisque la R\u00e9gion de Murcie avait non seulement refus\u00e9 d&rsquo;augmenter l&rsquo;enveloppe mais avait m\u00eame supprimer sa dotation habituelle faisant craindre pour l&rsquo;avenir de l&rsquo;\u00e9preuve. L&rsquo;\u00e9dition 2018 a bien eu lieu mais sans assurance pour le futur. L&rsquo;absence du Tour de Murcie au calendrier 2019 laissait donc craindre le pire mais les organisateurs assurent que l&rsquo;\u00e9preuve aura bien lieu en 2019 et mieux encore&#8230; l&rsquo;hypoth\u00e8se d&rsquo;un passage \u00e0 deux jours semble en bonne voie et la confirmation pourrait m\u00eame arriver plus t\u00f4t que pr\u00e9vue gr\u00e2ce \u00e0 l&rsquo;effervescence autour du maillot arc-en-ciel glan\u00e9 tout r\u00e9cemment par le h\u00e9ros local, Alejandro Valverde (Movistar). Pour rappel, historiquement le Tour de Murcie \u00e9tait disput\u00e9 sur cinq \u00e9tapes (en mars) puis a d\u00fb \u00eatre ramen\u00e9 \u00e0 trois \u00e9tapes en 2011, puis deux en 2012 avant de devenir une course d&rsquo;un jour en 2013. Cette ann\u00e9e c&rsquo;est un autre murcien,\u00a0Luis L\u00e9on S\u00e1nchez (Astana) qui s&rsquo;\u00e9tait impos\u00e9 devant le quintuple tenant du titre&#8230; Alejandro Valverde bien s\u00fbr.<\/p>\n","protected":false},"excerpt":{"rendered":"<p>Mercredi dernier \u00e9tait publi\u00e9 le calendrier EuropeTour 2019 et comme \u00e0 chaque fois, certaines \u00e9preuves manquent, \u00e0 tort ou \u00e0 raison. C&rsquo;est ainsi par exemple qu&rsquo;on ne retrouve pas le Challenge de Majorque qui ouvre habituellement la saison europ\u00e9enne de cyclisme sur route. Renseignements pris aupr\u00e8s des organisateurs, l&rsquo;\u00e9preuve\u00a0Bal\u00e9are aura bien lieu, sous son format &hellip;<\/p>\n","protected":false},"author":4,"featured_media":54527,"comment_status":"open","ping_status":"open","sticky":false,"template":"","format":"standard","meta":{"footnotes":""},"categories":[11,31,15,29],"tags":[],"class_list":["post-93395","post","type-post","status-publish","format-standard","has-post-thumbnail","hentry","category-news-niveau-2","category-challenge-mallorca","category-route","category-vuelta-a-murcia"],"_links":{"self":[{"href":"https:\/\/cyclingpro.net\/velopro\/wp-json\/wp\/v2\/posts\/93395","targetHints":{"allow":["GET"]}}],"collection":[{"href":"https:\/\/cyclingpro.net\/velopro\/wp-json\/wp\/v2\/posts"}],"about":[{"href":"https:\/\/cyclingpro.net\/velopro\/wp-json\/wp\/v2\/types\/post"}],"author":[{"embeddable":true,"href":"https:\/\/cyclingpro.net\/velopro\/wp-json\/wp\/v2\/users\/4"}],"replies":[{"embeddable":true,"href":"https:\/\/cyclingpro.net\/velopro\/wp-json\/wp\/v2\/comments?post=93395"}],"version-history":[{"count":0,"href":"https:\/\/cyclingpro.net\/velopro\/wp-json\/wp\/v2\/posts\/93395\/revisions"}],"wp:featuredmedia":[{"embeddable":true,"href":"https:\/\/cyclingpro.net\/velopro\/wp-json\/wp\/v2\/media\/54527"}],"wp:attachment":[{"href":"https:\/\/cyclingpro.net\/velopro\/wp-json\/wp\/v2\/media?parent=93395"}],"wp:term":[{"taxonomy":"category","embeddable":true,"href":"https:\/\/cyclingpro.net\/velopro\/wp-json\/wp\/v2\/categories?post=93395"},{"taxonomy":"post_tag","embeddable":true,"href":"https:\/\/cyclingpro.net\/velopro\/wp-json\/wp\/v2\/tags?post=93395"}],"curies":[{"name":"wp","href":"https:\/\/api.w.org\/{rel}","templated":true}]}}