{"id":93310,"date":"2018-10-03T18:00:28","date_gmt":"2018-10-03T16:00:28","guid":{"rendered":"https:\/\/cyclingpro.net\/velopro\/?p=93310"},"modified":"2018-10-03T18:05:30","modified_gmt":"2018-10-03T16:05:30","slug":"paris-bourges-la-liste-des-partants","status":"publish","type":"post","link":"https:\/\/cyclingpro.net\/velopro\/course\/paris-bourges\/paris-bourges-la-liste-des-partants\/","title":{"rendered":"Paris-Bourges : La liste des partants"},"content":{"rendered":"<p style=\"text-align: justify;\">Ce jeudi 4 octobre, place \u00e0 68\u00e8me \u00e9dition de Paris-Bourges, une semi-Classique souvent trust\u00e9e par les sprinteurs. Vainqueur l&rsquo;an pass\u00e9, Rudy Barbier (AG2R-La Mondiale) viendra d\u00e9fendre son titre. Retrouvez ci-dessous la liste d\u00e9finitive des partants.<\/p>\n<p><strong>AG2R LA MONDIALE<\/strong><br \/>\n1 BARBIER Rudy<br \/>\n2 BAGDONAS Gediminas<br \/>\n3 COSNEFROY Beno\u00eet<br \/>\n4 DILLIER Silvan<br \/>\n5 DUMOULIN Samuel<br \/>\n6 BIDARD Fran\u00e7ois<br \/>\n7 PARET-PEINTRE Aur\u00e9lien<\/p>\n<p><strong>GROUPAMA-FDJ<\/strong><br \/>\n11 ARMIRAIL Bruno<br \/>\n12 DELAGE Micka\u00ebl<br \/>\n13 DUCHESNE Antoine<br \/>\n14 MADOUAS Valentin<br \/>\n15 ROY J\u00e9r\u00e9my<br \/>\n16 VAUGRENARD Benoit<br \/>\n17 SEIGLE Romain<\/p>\n<p><strong>DIRECT ENERGIE<\/strong><br \/>\n21 CHAVANEL Sylvain<br \/>\n22 COUSIN J\u00e9r\u00f4me<br \/>\n23 OURCEAU Cl\u00e9ment<br \/>\n24 OURSELIN Paul<br \/>\n25 PETIT Adrien<br \/>\n26 PICHOT Alexandre<br \/>\n27 RIVIERE David<\/p>\n<p><strong>COFIDIS, SOLUTIONS CREDITS<\/strong><br \/>\n31 CLAEYS Dimitri<br \/>\n32 EDET Nicolas<br \/>\n33 LAPORTE Christophe<br \/>\n34 ROSSETTO St\u00e9phane<br \/>\n35 SIMON Julien<br \/>\n36 CHETOUT Loic<br \/>\n37 VAN LERBERGHE Bert<\/p>\n<p><strong>DELKO MARSEILLE-PROVENCE KTM<\/strong><br \/>\n41 ARERUYA Joseph<br \/>\n42 EL FARES Julien<br \/>\n43 FEDELI Alessandro<br \/>\n44 FINETTO Mauro<br \/>\n45 GUERIN Alexis<br \/>\n46 COMBAUD Romain<br \/>\n47 \u0160I\u0160KEVI\u010cIUS Evaldas<\/p>\n<p><strong>FORTUNEO-SAMSIC<\/strong><br \/>\n51 BOUET Maxime<br \/>\n52 FEILLU Brice<br \/>\n53 FONSECA Armindo<br \/>\n54 LEDANOIS K\u00e9vin<br \/>\n55 WELTEN Bram<br \/>\n56 VACHON Florian<br \/>\n57 LE ROUX Romain<\/p>\n<p><strong>VITAL CONCEPT CYCLING CLUB<\/strong><br \/>\n61 LECAMUS-LAMBERT Florentin<br \/>\n62 COURTEILLE Arnaud<br \/>\n63\u00a0LE BON Johan<br \/>\n64\u00a0MANZIN Lorrenzo<br \/>\n65 MULLER Patrick<br \/>\n66 PACHER Quentin<br \/>\n67 REZA K\u00e9vin<\/p>\n<p><strong>SPORT VLAANDEREN-BALOISE<\/strong><br \/>\n71 DE VYLDER Lindsay<br \/>\n72 DELTOMBE Kevin<br \/>\n73 FARAZIJN Maxime<br \/>\n74 MENTEN Milan<br \/>\n75 PLANCKAERT Emiel<br \/>\n76 SPRENGERS Thomas<br \/>\n77 ALLEGAERT Piet<\/p>\n<p><strong>WANTY-GROUPE GOBERT<\/strong><br \/>\n81 DEVRIENDT Tom<br \/>\n82 EIKING Odd Christian<br \/>\n83 DUPONT Timothy<br \/>\n84 OFFREDO Yoann<br \/>\n85 PASQUALON Andrea<br \/>\n86 DOUBEY Fabien<br \/>\n87 VANSPEYBROUCK Pieter<\/p>\n<p><strong>WB AQUA PROTECT-VERANCLASSIC<\/strong><br \/>\n91 \u2013<br \/>\n92 JULES Justin<br \/>\n93 ISTA Kevyn<br \/>\n94 LIETAER Eliot<br \/>\n95 ROBEET Ludovic<br \/>\n96 SPENGLER Lukas<br \/>\n97 WIRTGEN Tom<\/p>\n<p><strong>EUSKADI BASQUE COUNTRY-MURIAS<\/strong><br \/>\n101 BAGUES Aritz<br \/>\n102 GONZ\u00c1LEZ Aitor<br \/>\n103 UDONDO Gotzon<br \/>\n104 IRIZAR Julen<br \/>\n105 SAMITIER Sergio<br \/>\n106 ABERASTURI Jon<br \/>\n107 ITURRIA Mikel<\/p>\n<p><strong>ISRAEL CYCLING ACADEMY<\/strong><br \/>\n111 BOIVIN Guillaume<br \/>\n112 CARISEY Cl\u00e9ment<br \/>\n113 ENGER Sondre Holst<br \/>\n114 GOLDSTEIN Omer<br \/>\n115 JENSEN August<br \/>\n116 NEILANDS Krists<br \/>\n117 VAN WINDEN Dennis<\/p>\n<p><strong>ST MICHEL-AUBER 93<\/strong><br \/>\n121 BALDO Nicolas<br \/>\n122 FEILLU Romain<br \/>\n123 JAKIN Alo<br \/>\n124 MALDONADO Anthony<br \/>\n125 PAILLOT Yoann<br \/>\n126 THOMINET Camille<br \/>\n127 TOUZE Damien<\/p>\n<p><strong>ROUBAIX-LILLE M\u00c8TROPOLE<\/strong><br \/>\n131 ANTOMARCHI Julien<br \/>\n132 BARBIER Pierre<br \/>\n133 CABOT Jeremy<br \/>\n134 IDJOUADIENE Pierre<br \/>\n135 KNEISKY Morgan<br \/>\n136 VERMEULEN Emiel<br \/>\n137 TRONET Steven<\/p>\n<p><strong>TEAM DIFFERDANGE-LOSCH<\/strong><br \/>\n141 PARDINI Olivier<br \/>\n142 FRANZ Tony<br \/>\n143 ROZSA Bal\u00e1zs<br \/>\n144 TEASDALE Josh<br \/>\n145 THILL Tom<br \/>\n146 VALVASORI Larry<br \/>\n147 VERMEER Tom<\/p>\n<p><strong>TEAM VORALBERG<\/strong><br \/>\n151 FRIESECKE Gian<br \/>\n152 MEILER Lukas<br \/>\n153 BOSCH Manuel<br \/>\n154 SCHELLING Patrick<br \/>\n155 \u2013<br \/>\n156 RUEGG Lukas<br \/>\n157 STALLAERT Joeri<\/p>\n<p><strong>CIBEL-CEBON<\/strong><br \/>\n161 COENEN Dennis<br \/>\n162 REYNAERTS Wim<br \/>\n163 JANSSENS Jimmy<br \/>\n164 MARCHAND Gianni<br \/>\n165 RAYMACKERS Cedric<br \/>\n166 RUYTERS Brecht<br \/>\n167 TEUGELS Lennert<\/p>\n<p><strong>DEVOLOPMENT TEAM SUNWEB<\/strong><br \/>\n171 EEKHOFF Nils<br \/>\n172 HEINSCHKE Leon<br \/>\n173 HIRSCHI Marc<br \/>\n174 MARKL Niklas<br \/>\n175 MOBACH Jarno<br \/>\n176 STORK Florian<br \/>\n177 \u2013<\/p>\n","protected":false},"excerpt":{"rendered":"<p>Ce jeudi 4 octobre, place \u00e0 68\u00e8me \u00e9dition de Paris-Bourges, une semi-Classique souvent trust\u00e9e par les sprinteurs. Vainqueur l&rsquo;an pass\u00e9, Rudy Barbier (AG2R-La Mondiale) viendra d\u00e9fendre son titre. Retrouvez ci-dessous la liste d\u00e9finitive des partants. AG2R LA MONDIALE 1 BARBIER Rudy 2 BAGDONAS Gediminas 3 COSNEFROY Beno\u00eet 4 DILLIER Silvan 5 DUMOULIN Samuel 6 BIDARD &hellip;<\/p>\n","protected":false},"author":5,"featured_media":93312,"comment_status":"open","ping_status":"open","sticky":false,"template":"","format":"standard","meta":{"footnotes":""},"categories":[11,196,15,16],"tags":[],"class_list":["post-93310","post","type-post","status-publish","format-standard","has-post-thumbnail","hentry","category-news-niveau-2","category-paris-bourges","category-route","category-startlist"],"_links":{"self":[{"href":"https:\/\/cyclingpro.net\/velopro\/wp-json\/wp\/v2\/posts\/93310","targetHints":{"allow":["GET"]}}],"collection":[{"href":"https:\/\/cyclingpro.net\/velopro\/wp-json\/wp\/v2\/posts"}],"about":[{"href":"https:\/\/cyclingpro.net\/velopro\/wp-json\/wp\/v2\/types\/post"}],"author":[{"embeddable":true,"href":"https:\/\/cyclingpro.net\/velopro\/wp-json\/wp\/v2\/users\/5"}],"replies":[{"embeddable":true,"href":"https:\/\/cyclingpro.net\/velopro\/wp-json\/wp\/v2\/comments?post=93310"}],"version-history":[{"count":0,"href":"https:\/\/cyclingpro.net\/velopro\/wp-json\/wp\/v2\/posts\/93310\/revisions"}],"wp:featuredmedia":[{"embeddable":true,"href":"https:\/\/cyclingpro.net\/velopro\/wp-json\/wp\/v2\/media\/93312"}],"wp:attachment":[{"href":"https:\/\/cyclingpro.net\/velopro\/wp-json\/wp\/v2\/media?parent=93310"}],"wp:term":[{"taxonomy":"category","embeddable":true,"href":"https:\/\/cyclingpro.net\/velopro\/wp-json\/wp\/v2\/categories?post=93310"},{"taxonomy":"post_tag","embeddable":true,"href":"https:\/\/cyclingpro.net\/velopro\/wp-json\/wp\/v2\/tags?post=93310"}],"curies":[{"name":"wp","href":"https:\/\/api.w.org\/{rel}","templated":true}]}}