{"id":93241,"date":"2018-10-02T19:01:38","date_gmt":"2018-10-02T17:01:38","guid":{"rendered":"https:\/\/cyclingpro.net\/velopro\/?p=93241"},"modified":"2018-10-02T19:01:38","modified_gmt":"2018-10-02T17:01:38","slug":"w52-fc-porto-vise-la-licence-continentale-pro","status":"publish","type":"post","link":"https:\/\/cyclingpro.net\/velopro\/route\/w52-fc-porto-vise-la-licence-continentale-pro\/","title":{"rendered":"W52\/FC Porto vise la licence Continentale Pro"},"content":{"rendered":"<p>L&rsquo;\u00e9quipe Portugaise W52\/FC Porto, qui s&rsquo;est fait une sp\u00e9cialit\u00e9 de dominer le Tour du Portugal gr\u00e2ce \u00e0 son leader\u00a0Ra\u00fal Alarc\u00f3n, aurait demand\u00e9 la licence pro Continentale pour la saison prochaine selon le r\u00e9put\u00e9 journaliste portugais\u00a0Gon\u00e7alo Moreira. Il s&rsquo;agirait de la premi\u00e8re \u00e9quipe portugaise \u00e0 \u00e9voluer \u00e0 l&rsquo;\u00e9chelon Continentale Pro depuis Benfica en 2008.\u00a0Moreira annonce aussi que Tiago Machado devrait quitter Katusha &#8211; Alpecin, o\u00f9 il \u00e9volue actuellement pour rejoindre W52\/FC Porto.<\/p>\n","protected":false},"excerpt":{"rendered":"<p>L&rsquo;\u00e9quipe Portugaise W52\/FC Porto, qui s&rsquo;est fait une sp\u00e9cialit\u00e9 de dominer le Tour du Portugal gr\u00e2ce \u00e0 son leader\u00a0Ra\u00fal Alarc\u00f3n, aurait demand\u00e9 la licence pro Continentale pour la saison prochaine selon le r\u00e9put\u00e9 journaliste portugais\u00a0Gon\u00e7alo Moreira. Il s&rsquo;agirait de la premi\u00e8re \u00e9quipe portugaise \u00e0 \u00e9voluer \u00e0 l&rsquo;\u00e9chelon Continentale Pro depuis Benfica en 2008.\u00a0Moreira annonce aussi &hellip;<\/p>\n","protected":false},"author":4,"featured_media":0,"comment_status":"open","ping_status":"open","sticky":false,"template":"","format":"standard","meta":{"footnotes":""},"categories":[11,15,10],"tags":[],"class_list":["post-93241","post","type-post","status-publish","format-standard","hentry","category-news-niveau-2","category-route","category-mercato"],"_links":{"self":[{"href":"https:\/\/cyclingpro.net\/velopro\/wp-json\/wp\/v2\/posts\/93241","targetHints":{"allow":["GET"]}}],"collection":[{"href":"https:\/\/cyclingpro.net\/velopro\/wp-json\/wp\/v2\/posts"}],"about":[{"href":"https:\/\/cyclingpro.net\/velopro\/wp-json\/wp\/v2\/types\/post"}],"author":[{"embeddable":true,"href":"https:\/\/cyclingpro.net\/velopro\/wp-json\/wp\/v2\/users\/4"}],"replies":[{"embeddable":true,"href":"https:\/\/cyclingpro.net\/velopro\/wp-json\/wp\/v2\/comments?post=93241"}],"version-history":[{"count":0,"href":"https:\/\/cyclingpro.net\/velopro\/wp-json\/wp\/v2\/posts\/93241\/revisions"}],"wp:attachment":[{"href":"https:\/\/cyclingpro.net\/velopro\/wp-json\/wp\/v2\/media?parent=93241"}],"wp:term":[{"taxonomy":"category","embeddable":true,"href":"https:\/\/cyclingpro.net\/velopro\/wp-json\/wp\/v2\/categories?post=93241"},{"taxonomy":"post_tag","embeddable":true,"href":"https:\/\/cyclingpro.net\/velopro\/wp-json\/wp\/v2\/tags?post=93241"}],"curies":[{"name":"wp","href":"https:\/\/api.w.org\/{rel}","templated":true}]}}