{"id":93218,"date":"2018-10-02T13:48:32","date_gmt":"2018-10-02T11:48:32","guid":{"rendered":"https:\/\/cyclingpro.net\/velopro\/?p=93218"},"modified":"2018-10-02T18:30:10","modified_gmt":"2018-10-02T16:30:10","slug":"short-news-st-michel-boucle-son-effectf-le-tramadol-monitore-les-tetes-daffiche-de-paris-tours","status":"publish","type":"post","link":"https:\/\/cyclingpro.net\/velopro\/route\/short-news-st-michel-boucle-son-effectf-le-tramadol-monitore-les-tetes-daffiche-de-paris-tours\/","title":{"rendered":"L&rsquo;actu en bref : St Michel boucle son effectf, le tramadol monitor\u00e9, les t\u00eates d&rsquo;affiche de Paris-Tours&#8230;"},"content":{"rendered":"<p><strong>Kevin Le Cunf prolonge avec St Michel &#8211; Auber93, qui boucle son effectif 2019<\/strong><\/p>\n<p>Cinqui\u00e8me du Tour du Doubs au d\u00e9but de mois de septembre, vainqueur des Boucles de l&rsquo;Aulne au mois de mai, K\u00e9vin Le Cunff portera \u00e0 nouveau les couleurs de St Michel &#8211; Auber93 en 2019. Ce sera sa troisi\u00e8me ann\u00e9e au sein de la formation de St\u00e9phane Javalet, qui compte pour l&rsquo;instant cinq victoires en 2018. Avec le recrutement du Sud-Africain Morne Van Niekerk (<a href=\"https:\/\/cyclingpro.net\/velopro\/mercato\/le-sud-africain-morne-van-niekerk-rejoint-st-michel-auber-93\/\">lire ici<\/a>), cela porte \u00e0 10 le nombre de coureurs sous contrat pour 2019. Soit le m\u00eame nombre de coureurs qu&rsquo;en 2018. L&rsquo;effectif est boucl\u00e9 vient de communiquer l&rsquo;\u00e9quipe d&rsquo;Aubervilliers.<\/p>\n<p><em><span style=\"text-decoration: underline;\">L&rsquo;effectif 2019 :<\/span><\/em><br \/>\nNicolas Baldo<br \/>\nRomain Feillu<br \/>\nTony Hurel<br \/>\nAlo Jakin<br \/>\nK\u00e9vin Le Cunff<br \/>\nAnthonio Maldonado<br \/>\nFlavien Maurelet<br \/>\nYoann Paillot<br \/>\nCamille Thominet<br \/>\nMorne Van Niekerk<\/p>\n<p><strong>One Pro Cycling f\u00e9minine devra attendre&#8230;<\/strong><\/p>\n<p>Le 1e septembre dernier, la formation Continentale One Pro Cycling annon\u00e7ait quitter le peloton masculin pour devenir une \u00e9quipe f\u00e9minine (<a href=\"https:\/\/cyclingpro.net\/velopro\/sponsors\/one-pro-cycling-quitte-le-peloton-masculin-pour-se-consacrer-au-peloton-feminin\/\">lire ici<\/a>) d\u00e8s l&rsquo;an prochain. L&rsquo;\u00e9quipe britannique n\u00e9e en 2015 avait de grosses ambitions et \u00e9tait m\u00eame pass\u00e9e Continentale Pro en 2016 avant de r\u00e9trograder l&rsquo;ann\u00e9e suivante. Mais ce nouveau projet a du plomb dans l&rsquo;aile puisque les dirigeants de One Pro Cycling viennent d&rsquo;annoncer que faute de sponsoring, ils devaient jeter l&rsquo;\u00e9ponge pour 2019. M\u00eame si ces derniers annoncent reporter leurs espoirs sur 2020, il ne semble pour l&rsquo;instant pas y avoir beaucoup de raisons d&rsquo;esp\u00e9rer.<\/p>\n<p><strong>Le Tramadol sous surveillance<\/strong><\/p>\n<p>L&rsquo;Agence Mondiale Antidopage vient de publier la liste des substances interdites ou r\u00e9gul\u00e9es pour la saison 2019 au terme de son congr\u00e8s annuel, qui se tenait cette ann\u00e9e aux Seychelles. Pas de grands changements en perspective dans les r\u00e8glements mais par contre, l&rsquo;AMA annonce qu&rsquo;elle va surveiller l&rsquo;utilisation de certaines substances. Une surveillance qui pourrait \u00e0 l&rsquo;avenir (apr\u00e8s 2019) donner lieu \u00e0 de nouvelles r\u00e9glementations en fonction des r\u00e9sultats de l&rsquo;\u00e9tude. Parmi la liste des produits surveill\u00e9s, on retrouve notamment le tramadol mais aussi certains gluco-cortico\u00efdes. Pour toutes les substances concern\u00e9es, l&rsquo;\u00e9tude se fera quant au mode et \u00e0 la fr\u00e9quence\u00a0d&rsquo;administration. Pour rappel, en juin dernier, le Pr\u00e9sident de l&rsquo;Union Cycliste Internationale, David Lappartient annon\u00e7ait la prochaine interdiction du Tramadol et l&rsquo;introduction d&rsquo;un cong\u00e9 maladie obligatoire de huit jours pour tout coureur recourant \u00e0 traitement \u00e0 base de gluco-cortico\u00efdes (<a href=\"https:\/\/cyclingpro.net\/velopro\/news\/fin-du-tramadol-reglementation-des-corticoides-autorisation-des-freins-a-disque-luci-introduit-de-nouvelles-mesures\/\">lire ici<\/a>). Cela dit, rien n&rsquo;\u00e9tait pr\u00e9cis\u00e9 sur le quand et le comment de l&rsquo;introduction de ces nouvelles mesures dans un cadr\u00e9 r\u00e9glementaire qui rel\u00e8ve normalement de l&rsquo;AMA et non de l&rsquo;UCI.<\/p>\n<p><strong>Direct Energie continue sur Wilier en 2019<\/strong><\/p>\n<p>Equip\u00e9 par Wilier depuis 2018, Direct Energie a choisi de continuer sa relation avec l&rsquo;\u00e9quipementier italien en 2019.<\/p>\n<p><strong>Aqua Blue Sport recourt \u00e0 sa garantie bancaire pour payer ses salaires<\/strong><\/p>\n<p>Fin compliqu\u00e9e pour les membres de l&rsquo;\u00e9quipe Aqua Blue Sport, coureurs comme staff. Apr\u00e8s avoir appris fin ao\u00fbt que l&rsquo;\u00e9quipe ne continuerait pas et m\u00eame rapidement apr\u00e8s, qu&rsquo;elle s&rsquo;arr\u00eaterait imm\u00e9diatement, alors qu&rsquo;elle \u00e9tait encore pr\u00e9vue sur le Tour de Grande Bretagne, voil\u00e0 que ses membres, coureurs et staffs doivent maintenant faire appel \u00e0 l&rsquo;Union Cycliste Internationale pour obtenir le paiement de leurs salaires qui seront pr\u00e9lev\u00e9s sur la garantie bancaire que l&rsquo;\u00e9quipe a vers\u00e9 en d\u00e9but de saison. Cette garantie existe justement pour cette raison. C&rsquo;est l&rsquo;\u00e9quipe elle-m\u00eame qui a envoy\u00e9 un mail \u00e0 ses membres pour indiquer la proc\u00e9dure \u00e0 suivre aupr\u00e8s de l&rsquo;UCI.<\/p>\n<p><strong>Maurits Lammertink sans \u00e9quipe pour 2019<\/strong><\/p>\n<p>Apr\u00e8s deux saisons chez Katusha &#8211; Alpecin,\u00a0Maurits Lammertink n&rsquo;a pas \u00e9t\u00e9 renouvel\u00e9 pour 2019, comme il le r\u00e9v\u00e8le dans un interview \u00e0 Tubantia, relay\u00e9e par Wielerflits.nl. Le coureur n\u00e9erlandais de 28 ans, fr\u00e8re ain\u00e9 de Steven Lammertink, qui court chez Vital Concept, n&rsquo;a pas encore trouv\u00e9 de solution pour 2019.<\/p>\n<p><strong>Paris-Tours annonce ses t\u00eates d&rsquo;affiche\u00a0<\/strong><\/p>\n<p>Avec un parcours renouvel\u00e9 pour favoriser une course encore plus mouvement\u00e9e, Paris-Tours vient de d\u00e9voiler ses t\u00eates d&rsquo;affiche pour son \u00e9dition 2018 qui se d\u00e9roulera ce dimanche. On y retrouve nombre de sprinteurs bien entendu mais aussi, comme souvent, pas mal de sp\u00e9cialistes des classiques de printemps, dont Philippe Gilbert (Quick Step), r\u00e9cent vainqueur du Grand Prix d&rsquo;Isbergues.<\/p>\n<p><span style=\"text-decoration: underline;\">Afrique du Sud<\/span><br \/>\nTeam Dimension Data : Boasson Hagen (Nor), R.Janse van Rensburg (Afs)<\/p>\n<p><span style=\"text-decoration: underline;\">Allemagne<\/span><br \/>\nTeam Sunweb : Geschke (All), Kragh Andersen (Dan)<\/p>\n<p><span style=\"text-decoration: underline;\">Belgique<\/span><br \/>\nQuick Step Floors : Gilbert, Lampaert (Bel), Terpstra (Hol)<br \/>\nLotto-Soudal : Greipel (All), Wallays, Debusschere (Bel)<br \/>\nWanty &#8211; Groupe Gobert : Offredo (Fra), Van Keirsbulck (Bel), Eiking (Nor), Pasqualon (Ita)<br \/>\nSport Vlaanderen &#8211; Baloise : Rickaert, Capiot (Bel)<br \/>\nVeranda\u2019s Willems-Crelan : Devolder (Bel)<br \/>\nWB Aquaprotect Veranclassic: Ista, Vantomme (Bel), Spengler (Sui)<\/p>\n<p><span style=\"text-decoration: underline;\">Espagne<\/span><br \/>\nEuskadi Basque Country-Murias : Aberasturi (Esp)<\/p>\n<p><span style=\"text-decoration: underline;\">Etats-Unis<\/span><br \/>\nEducation First-Drapac Cannondale : Vanmarcke (Bel), McLay (Gbr)<\/p>\n<p><span style=\"text-decoration: underline;\">France<\/span><br \/>\nAG2R La Mondiale : Gougeard (Fra), Naesen, Vandenbergh (Bel), Dillier (Sui)<br \/>\nGroupama-FDJ : D\u00e9mare (Fra), Guarnieri (Ita), Konovalovas (Lit)<br \/>\nCofidis, Solutions Cr\u00e9dits : Laporte, Turgis (Fra)<br \/>\nDirect Energie : Chavanel, Petit (Fra)<br \/>\nTeam Fortuneo-Samsic : B.Feillu, G\u00e9rard (Fra)<br \/>\nVital Concept Cycling Club : Manzin, Le Bon (Fra), Van Genechten (Bel)<br \/>\nDelko Marseille Provence KTM : Siskevicius, Smukulis (Lit)<br \/>\nSt Michel-Auber 93 : R.Feillu, Touze (Fra)<br \/>\nRoubaix Lille M\u00e9tropole : Antomarchi (Fra)<\/p>\n<p><span style=\"text-decoration: underline;\">Isra\u00ebl<\/span><br \/>\nIsrael Cycling Academy : Boivin (Can), Enger (Nor)<\/p>\n<p><span style=\"text-decoration: underline;\">Pays-Bas<\/span><br \/>\nTeam Lotto-NL Jumbo : Groenewegen, Leezer (Hol), Jansen (Nor)<br \/>\nRoompot-Nederlandse Loterij : Van der Hoorn, Vermeltfort (Hol)<\/p>\n<p><span style=\"text-decoration: underline;\">Suisse<\/span><br \/>\nTeam Katusha Alpecin: T.Martin (All), Dowsett (Gbr)<\/p>\n","protected":false},"excerpt":{"rendered":"<p>Kevin Le Cunf prolonge avec St Michel &#8211; Auber93, qui boucle son effectif 2019 Cinqui\u00e8me du Tour du Doubs au d\u00e9but de mois de septembre, vainqueur des Boucles de l&rsquo;Aulne au mois de mai, K\u00e9vin Le Cunff portera \u00e0 nouveau les couleurs de St Michel &#8211; Auber93 en 2019. Ce sera sa troisi\u00e8me ann\u00e9e au &hellip;<\/p>\n","protected":false},"author":4,"featured_media":93240,"comment_status":"open","ping_status":"open","sticky":false,"template":"","format":"standard","meta":{"footnotes":""},"categories":[11,169,15,221,10],"tags":[],"class_list":["post-93218","post","type-post","status-publish","format-standard","has-post-thumbnail","hentry","category-news-niveau-2","category-paris-tours","category-route","category-sponsors","category-mercato"],"_links":{"self":[{"href":"https:\/\/cyclingpro.net\/velopro\/wp-json\/wp\/v2\/posts\/93218","targetHints":{"allow":["GET"]}}],"collection":[{"href":"https:\/\/cyclingpro.net\/velopro\/wp-json\/wp\/v2\/posts"}],"about":[{"href":"https:\/\/cyclingpro.net\/velopro\/wp-json\/wp\/v2\/types\/post"}],"author":[{"embeddable":true,"href":"https:\/\/cyclingpro.net\/velopro\/wp-json\/wp\/v2\/users\/4"}],"replies":[{"embeddable":true,"href":"https:\/\/cyclingpro.net\/velopro\/wp-json\/wp\/v2\/comments?post=93218"}],"version-history":[{"count":0,"href":"https:\/\/cyclingpro.net\/velopro\/wp-json\/wp\/v2\/posts\/93218\/revisions"}],"wp:featuredmedia":[{"embeddable":true,"href":"https:\/\/cyclingpro.net\/velopro\/wp-json\/wp\/v2\/media\/93240"}],"wp:attachment":[{"href":"https:\/\/cyclingpro.net\/velopro\/wp-json\/wp\/v2\/media?parent=93218"}],"wp:term":[{"taxonomy":"category","embeddable":true,"href":"https:\/\/cyclingpro.net\/velopro\/wp-json\/wp\/v2\/categories?post=93218"},{"taxonomy":"post_tag","embeddable":true,"href":"https:\/\/cyclingpro.net\/velopro\/wp-json\/wp\/v2\/tags?post=93218"}],"curies":[{"name":"wp","href":"https:\/\/api.w.org\/{rel}","templated":true}]}}