{"id":92774,"date":"2018-09-28T18:22:19","date_gmt":"2018-09-28T16:22:19","guid":{"rendered":"https:\/\/cyclingpro.net\/velopro\/?p=92774"},"modified":"2018-09-28T18:28:06","modified_gmt":"2018-09-28T16:28:06","slug":"marc-hirschi-cest-difficile-a-decrire","status":"publish","type":"post","link":"https:\/\/cyclingpro.net\/velopro\/championnats-du-monde-2018\/marc-hirschi-cest-difficile-a-decrire\/","title":{"rendered":"Marc Hirschi : \u00ab\u00a0C\u2019est difficile \u00e0 d\u00e9crire\u00a0\u00bb"},"content":{"rendered":"<p style=\"text-align: justify;\">Marc Hirschi vit une saison de r\u00eave. D\u00e9j\u00e0 consid\u00e9r\u00e9 comme l&rsquo;un des tous meilleurs coureurs espoirs de cette ann\u00e9e 2018, le jeune Suisse de tout juste 20 ans a ce vendredi conquis le championnat du monde sur route, quelques semaines seulement apr\u00e8s avoir enlev\u00e9 le championnat d&rsquo;Europe. Parti seul dans la derni\u00e8re descente du parcours, apr\u00e8s s&rsquo;\u00eatre remarquablement accroch\u00e9 dans la mont\u00e9e finale, Hirschi est qui plus est all\u00e9 cueillir le maillot arc-en-ciel en solitaire \u00e0 Innsbruck. Le Bernois peut ainsi sereinement tourner la page de sa carri\u00e8re chez les Espoirs et entamer un tout nouveau chapitre chez les professionnels, chez Sunweb, \u00e0 compter de 2019. Et au vu de son pedigree, on attendra forc\u00e9ment beaucoup de lui.<\/p>\n<p><span class=\"nUolBT3YXeDvM1sK0W87guzAtC6hx5Zm4iNdrFjPJSEcLRwfkVI\"><iframe loading=\"lazy\" title=\"Marc Hirschi - interview d&#039;arriv\u00e9e - U23 RR - Innsbruck 2018 (UCI Road WCh)\" width=\"500\" height=\"281\" src=\"https:\/\/www.youtube.com\/embed\/vEpY7AHcbXk?feature=oembed\" frameborder=\"0\" allow=\"accelerometer; autoplay; clipboard-write; encrypted-media; gyroscope; picture-in-picture; web-share\" referrerpolicy=\"strict-origin-when-cross-origin\" allowfullscreen><\/iframe><\/span><\/p>\n","protected":false},"excerpt":{"rendered":"<p>Marc Hirschi vit une saison de r\u00eave. D\u00e9j\u00e0 consid\u00e9r\u00e9 comme l&rsquo;un des tous meilleurs coureurs espoirs de cette ann\u00e9e 2018, le jeune Suisse de tout juste 20 ans a ce vendredi conquis le championnat du monde sur route, quelques semaines seulement apr\u00e8s avoir enlev\u00e9 le championnat d&rsquo;Europe. Parti seul dans la derni\u00e8re descente du parcours, &hellip;<\/p>\n","protected":false},"author":5,"featured_media":92777,"comment_status":"open","ping_status":"open","sticky":false,"template":"","format":"standard","meta":{"footnotes":""},"categories":[17,240,15,18],"tags":[],"class_list":["post-92774","post","type-post","status-publish","format-standard","has-post-thumbnail","hentry","category-une","category-championnats-du-monde-2018","category-route","category-videos"],"_links":{"self":[{"href":"https:\/\/cyclingpro.net\/velopro\/wp-json\/wp\/v2\/posts\/92774","targetHints":{"allow":["GET"]}}],"collection":[{"href":"https:\/\/cyclingpro.net\/velopro\/wp-json\/wp\/v2\/posts"}],"about":[{"href":"https:\/\/cyclingpro.net\/velopro\/wp-json\/wp\/v2\/types\/post"}],"author":[{"embeddable":true,"href":"https:\/\/cyclingpro.net\/velopro\/wp-json\/wp\/v2\/users\/5"}],"replies":[{"embeddable":true,"href":"https:\/\/cyclingpro.net\/velopro\/wp-json\/wp\/v2\/comments?post=92774"}],"version-history":[{"count":0,"href":"https:\/\/cyclingpro.net\/velopro\/wp-json\/wp\/v2\/posts\/92774\/revisions"}],"wp:featuredmedia":[{"embeddable":true,"href":"https:\/\/cyclingpro.net\/velopro\/wp-json\/wp\/v2\/media\/92777"}],"wp:attachment":[{"href":"https:\/\/cyclingpro.net\/velopro\/wp-json\/wp\/v2\/media?parent=92774"}],"wp:term":[{"taxonomy":"category","embeddable":true,"href":"https:\/\/cyclingpro.net\/velopro\/wp-json\/wp\/v2\/categories?post=92774"},{"taxonomy":"post_tag","embeddable":true,"href":"https:\/\/cyclingpro.net\/velopro\/wp-json\/wp\/v2\/tags?post=92774"}],"curies":[{"name":"wp","href":"https:\/\/api.w.org\/{rel}","templated":true}]}}