{"id":92717,"date":"2018-09-28T09:31:10","date_gmt":"2018-09-28T07:31:10","guid":{"rendered":"https:\/\/cyclingpro.net\/velopro\/?p=92717"},"modified":"2018-09-28T09:38:36","modified_gmt":"2018-09-28T07:38:36","slug":"remco-evenepoel-je-ne-vais-pas-courir-beaucoup-chez-quick-step","status":"publish","type":"post","link":"https:\/\/cyclingpro.net\/velopro\/championnats-du-monde-2018\/remco-evenepoel-je-ne-vais-pas-courir-beaucoup-chez-quick-step\/","title":{"rendered":"Remco Evenepoel : \u00ab\u00a0Je ne vais pas courir beaucoup\u00a0\u00bb chez Quick Step"},"content":{"rendered":"<p style=\"text-align: justify;\">Observateurs, spectateurs, t\u00e9l\u00e9spectateurs, adversaires. Remco Evenepoel \u00e9tait au centre de toutes les attentions, jeudi, \u00e0 l&rsquo;occasion de la course en ligne des championnats du monde juniors. Tout le monde attendait le festival du jeune belge, d\u00e9j\u00e0 magistralement couronn\u00e9 sur l&rsquo;\u00e9preuve contre-la-montre mardi. Le prodige du plat-pays a donc r\u00e9pondu aux attentes, malgr\u00e9 un accroc, pas de son ressort. Il lui aura en effet fallu mener une chasse effr\u00e9n\u00e9e, SEUL, pour revoir la t\u00eate de la course \u00e0 la suite d&rsquo;une chute massive \u00e0 70 kilom\u00e8tres du but. Un fait de course a lanc\u00e9 la machine Evenepoel, et celle-ci a ensuite tout \u00e9cras\u00e9 sur son passage, au point presque de ridiculiser la concurrence. Son taux de r\u00e9ussite en course cette saison, pas loin de flirter avec les 100%, a ainsi \u00e9t\u00e9 appuy\u00e9 par ses performances de la semaine \u00e0 Innsbruck. Remco Evenepoel n&rsquo;avait vraiment pas d&rsquo;adversaires \u00e0 sa mesure dans sa cat\u00e9gorie d&rsquo;\u00e2ge.<\/p>\n<p class=\"p1\" style=\"text-align: justify;\"><em>\u00ab\u00a0Pour dire vrai, je ne ressentais absolument aucune pression<\/em>, assurait le double champion de Belgique, double champion d&rsquo;Europe et d\u00e9sormais double champion du monde. <em>Je savais seulement que j\u2019\u00e9tais le grand favori, donc finir le travail avec une belle attaque en solitaire dans le dernier tour, c\u2019est incroyable. L\u2019\u00e9quipe a beaucoup travaill\u00e9 dans ce but et nous avons rempli notre principal objectif. Ca ne pouvait pas aller mieux. Bien s\u00fbr, au moment de la chute, c\u2019\u00e9tait stressant. N\u00e9anmoins, je n\u2019ai pas paniqu\u00e9. Stresser et paniquer, ce n\u2019est pas la m\u00eame chose. J\u2019ai juste pris mon rythme dans la bosse et j\u2019ai saut\u00e9 de groupes en groupes. Au sommet, j\u2019\u00e9tais 40 secondes derri\u00e8re les premiers et c\u2019\u00e9tait incroyable car j\u2019avais d\u00e9marr\u00e9 la mont\u00e9e avec pr\u00e8s de deux minutes de retard. Ca voulait bien dire que mes jambes \u00e9taient tr\u00e8s bonnes. Dans le final, j\u2019ai senti que j\u2019\u00e9tais encore suffisamment frais et j\u2019ai pu attaquer une derni\u00e8re fois dans l\u2019ultime tour. C\u2019\u00e9tait incroyable.\u00a0\u00bb<\/em><\/p>\n<p style=\"text-align: justify;\">Ultra-dominateur mais absolument pas lass\u00e9, le jeune homme de 18 ans d\u00e9couvrira toute autre chose la saison prochaine en rejoignant d\u00e9j\u00e0 le monde professionnel, au sein de la formation Quick Step Floors.<em> \u00ab\u00a0On verra comment les choses se passent,<\/em> a-t-il gliss\u00e9.<em> Je ne vais pas courir beaucoup mais je suis impatient de m\u2019entra\u00eener avec tous les mecs de l\u2019\u00e9quipe. Ils me donneront beaucoup de conseils, me diront ce que je peux mieux faire. Je vais beaucoup apprendre d\u2019eux.\u00a0\u00bb<\/em><\/p>\n<p><span class=\"N1Bf6KJ4HzQoZ1C3Bl4naIGQAhjxw20Vqc8agRwo7my6WN259LrZASkXpOjfrxu7gP3byYGvbJUHn5uDqUWlePezvCDEsOIth\"><iframe loading=\"lazy\" title=\"Remco Evenepoel - post-race interview - Juniors RR - Innsbruck 2018 (UCI Road WCh)\" width=\"500\" height=\"281\" src=\"https:\/\/www.youtube.com\/embed\/JgKqbHO81fc?feature=oembed\" frameborder=\"0\" allow=\"accelerometer; autoplay; clipboard-write; encrypted-media; gyroscope; picture-in-picture; web-share\" referrerpolicy=\"strict-origin-when-cross-origin\" allowfullscreen><\/iframe><\/span><\/p>\n","protected":false},"excerpt":{"rendered":"<p>Observateurs, spectateurs, t\u00e9l\u00e9spectateurs, adversaires. Remco Evenepoel \u00e9tait au centre de toutes les attentions, jeudi, \u00e0 l&rsquo;occasion de la course en ligne des championnats du monde juniors. Tout le monde attendait le festival du jeune belge, d\u00e9j\u00e0 magistralement couronn\u00e9 sur l&rsquo;\u00e9preuve contre-la-montre mardi. Le prodige du plat-pays a donc r\u00e9pondu aux attentes, malgr\u00e9 un accroc, pas &hellip;<\/p>\n","protected":false},"author":5,"featured_media":92719,"comment_status":"open","ping_status":"open","sticky":false,"template":"","format":"standard","meta":{"footnotes":""},"categories":[17,240,15,18],"tags":[],"class_list":["post-92717","post","type-post","status-publish","format-standard","has-post-thumbnail","hentry","category-une","category-championnats-du-monde-2018","category-route","category-videos"],"_links":{"self":[{"href":"https:\/\/cyclingpro.net\/velopro\/wp-json\/wp\/v2\/posts\/92717","targetHints":{"allow":["GET"]}}],"collection":[{"href":"https:\/\/cyclingpro.net\/velopro\/wp-json\/wp\/v2\/posts"}],"about":[{"href":"https:\/\/cyclingpro.net\/velopro\/wp-json\/wp\/v2\/types\/post"}],"author":[{"embeddable":true,"href":"https:\/\/cyclingpro.net\/velopro\/wp-json\/wp\/v2\/users\/5"}],"replies":[{"embeddable":true,"href":"https:\/\/cyclingpro.net\/velopro\/wp-json\/wp\/v2\/comments?post=92717"}],"version-history":[{"count":0,"href":"https:\/\/cyclingpro.net\/velopro\/wp-json\/wp\/v2\/posts\/92717\/revisions"}],"wp:featuredmedia":[{"embeddable":true,"href":"https:\/\/cyclingpro.net\/velopro\/wp-json\/wp\/v2\/media\/92719"}],"wp:attachment":[{"href":"https:\/\/cyclingpro.net\/velopro\/wp-json\/wp\/v2\/media?parent=92717"}],"wp:term":[{"taxonomy":"category","embeddable":true,"href":"https:\/\/cyclingpro.net\/velopro\/wp-json\/wp\/v2\/categories?post=92717"},{"taxonomy":"post_tag","embeddable":true,"href":"https:\/\/cyclingpro.net\/velopro\/wp-json\/wp\/v2\/tags?post=92717"}],"curies":[{"name":"wp","href":"https:\/\/api.w.org\/{rel}","templated":true}]}}