{"id":92687,"date":"2018-09-27T14:32:10","date_gmt":"2018-09-27T12:32:10","guid":{"rendered":"https:\/\/cyclingpro.net\/velopro\/?p=92687"},"modified":"2018-09-27T14:32:10","modified_gmt":"2018-09-27T12:32:10","slug":"piste-les-mondiaux-2021-au-turkmenistan","status":"publish","type":"post","link":"https:\/\/cyclingpro.net\/velopro\/piste\/piste-les-mondiaux-2021-au-turkmenistan\/","title":{"rendered":"Piste : Les Mondiaux 2021 au Turkm\u00e9nistan"},"content":{"rendered":"<p style=\"text-align: justify;\">Les meilleurs pistards du monde auront rendez-vous au &#8230; Turkm\u00e9nistan, en 2021. Les championnats du monde de cyclisme sur piste seront pour la premi\u00e8re fois organis\u00e9s dans ce pays asiatique, et plus pr\u00e9cis\u00e9ment dans sa capitale,\u00a0Achgabat, o\u00f9 un v\u00e9lodrome a \u00e9t\u00e9 construit en 2014. L&rsquo;UCI pr\u00e9cise : <em>\u00ab\u00a0Tr\u00e8s moderne, il est l\u2019un des plus grands du monde avec ses gradins pouvant accueillir 6&rsquo;000 spectateurs. Il s\u2019agira de la troisi\u00e8me \u00e9dition des Mondiaux UCI de cyclisme sur piste organis\u00e9s en Asie apr\u00e8s ceux de Maebashi (Japon) et de Hong Kong (Chine).\u00a0\u00bb<\/em><\/p>\n<p style=\"text-align: justify;\">Pour rappel, les Mondiaux Piste 2019 auront lieu \u00e0 Pruszkow (Pologne) et ceux de 2020 \u00e0 Berlin (Allemagne).<\/p>\n","protected":false},"excerpt":{"rendered":"<p>Les meilleurs pistards du monde auront rendez-vous au &#8230; Turkm\u00e9nistan, en 2021. Les championnats du monde de cyclisme sur piste seront pour la premi\u00e8re fois organis\u00e9s dans ce pays asiatique, et plus pr\u00e9cis\u00e9ment dans sa capitale,\u00a0Achgabat, o\u00f9 un v\u00e9lodrome a \u00e9t\u00e9 construit en 2014. L&rsquo;UCI pr\u00e9cise : \u00ab\u00a0Tr\u00e8s moderne, il est l\u2019un des plus grands &hellip;<\/p>\n","protected":false},"author":5,"featured_media":0,"comment_status":"open","ping_status":"open","sticky":false,"template":"","format":"standard","meta":{"footnotes":""},"categories":[11,13],"tags":[],"class_list":["post-92687","post","type-post","status-publish","format-standard","hentry","category-news-niveau-2","category-piste"],"_links":{"self":[{"href":"https:\/\/cyclingpro.net\/velopro\/wp-json\/wp\/v2\/posts\/92687","targetHints":{"allow":["GET"]}}],"collection":[{"href":"https:\/\/cyclingpro.net\/velopro\/wp-json\/wp\/v2\/posts"}],"about":[{"href":"https:\/\/cyclingpro.net\/velopro\/wp-json\/wp\/v2\/types\/post"}],"author":[{"embeddable":true,"href":"https:\/\/cyclingpro.net\/velopro\/wp-json\/wp\/v2\/users\/5"}],"replies":[{"embeddable":true,"href":"https:\/\/cyclingpro.net\/velopro\/wp-json\/wp\/v2\/comments?post=92687"}],"version-history":[{"count":0,"href":"https:\/\/cyclingpro.net\/velopro\/wp-json\/wp\/v2\/posts\/92687\/revisions"}],"wp:attachment":[{"href":"https:\/\/cyclingpro.net\/velopro\/wp-json\/wp\/v2\/media?parent=92687"}],"wp:term":[{"taxonomy":"category","embeddable":true,"href":"https:\/\/cyclingpro.net\/velopro\/wp-json\/wp\/v2\/categories?post=92687"},{"taxonomy":"post_tag","embeddable":true,"href":"https:\/\/cyclingpro.net\/velopro\/wp-json\/wp\/v2\/tags?post=92687"}],"curies":[{"name":"wp","href":"https:\/\/api.w.org\/{rel}","templated":true}]}}