{"id":92668,"date":"2018-09-27T12:09:28","date_gmt":"2018-09-27T10:09:28","guid":{"rendered":"https:\/\/cyclingpro.net\/velopro\/?p=92668"},"modified":"2018-09-27T13:32:22","modified_gmt":"2018-09-27T11:32:22","slug":"tour-de-suisse-2019-une-selection-helvetique-au-depart","status":"publish","type":"post","link":"https:\/\/cyclingpro.net\/velopro\/course\/tour-de-suisse\/tour-de-suisse-2019-une-selection-helvetique-au-depart\/","title":{"rendered":"Une s\u00e9lection helv\u00e9tique au d\u00e9part des Tours de Suisse et de Romandie 2019"},"content":{"rendered":"<p style=\"text-align: justify;\">Lors des prochains Tour de Suisse et Tour de Romandie, on retrouvera, au milieu des grandes \u00e9curies du WorldTour, une s\u00e9lection helv\u00e9tique compos\u00e9e de jeunes coureurs issus du pays. L&rsquo;annonce a \u00e9t\u00e9 faite ce jeudi par les organisateurs et la f\u00e9d\u00e9ration suisse, appuyant cette d\u00e9cision par\u00a0<em>\u00ab\u00a0un changement de r\u00e8glement d\u00e9cid\u00e9 par l\u2019UCI en marge des championnats du monde\u00a0\u00bb.\u00a0<\/em><\/p>\n<p style=\"text-align: justify;\">Le directeur sportif du Tour de Suisse, David Loosli, a ainsi comment\u00e9 : <em>\u00ab\u00a0C\u2019est une tr\u00e8s bonne nouvelle. La boucle nationale sera ainsi une vitrine pour de jeunes athl\u00e8tes qui n\u2019ont pas encore de contrat aupr\u00e8s d\u2019une grande \u00e9quipe. Je suis particuli\u00e8rement ravi de pouvoir les accueillir sur un parcours de r\u00eave, avec une arriv\u00e9e d\u2019\u00e9tape au Col du Saint-Gothard\u00a0\u00bb.\u00a0<\/em>L&rsquo;ancien coureur Danilo Hondo, d\u00e9sormais s\u00e9lectionneur de l&rsquo;\u00e9quipe Suisse, a lui explique que <em>\u00ab\u00a0pareille opportunit\u00e9 de se mesurer au plus haut niveau, dans une course aussi belle, est tr\u00e8s valorisante pour nos jeunes athl\u00e8tes\u00a0\u00bb<\/em>.<\/p>\n","protected":false},"excerpt":{"rendered":"<p>Lors des prochains Tour de Suisse et Tour de Romandie, on retrouvera, au milieu des grandes \u00e9curies du WorldTour, une s\u00e9lection helv\u00e9tique compos\u00e9e de jeunes coureurs issus du pays. L&rsquo;annonce a \u00e9t\u00e9 faite ce jeudi par les organisateurs et la f\u00e9d\u00e9ration suisse, appuyant cette d\u00e9cision par\u00a0\u00ab\u00a0un changement de r\u00e8glement d\u00e9cid\u00e9 par l\u2019UCI en marge des &hellip;<\/p>\n","protected":false},"author":5,"featured_media":73621,"comment_status":"open","ping_status":"open","sticky":false,"template":"","format":"standard","meta":{"footnotes":""},"categories":[11,25,15,74],"tags":[],"class_list":["post-92668","post","type-post","status-publish","format-standard","has-post-thumbnail","hentry","category-news-niveau-2","category-news","category-route","category-tour-de-suisse"],"_links":{"self":[{"href":"https:\/\/cyclingpro.net\/velopro\/wp-json\/wp\/v2\/posts\/92668","targetHints":{"allow":["GET"]}}],"collection":[{"href":"https:\/\/cyclingpro.net\/velopro\/wp-json\/wp\/v2\/posts"}],"about":[{"href":"https:\/\/cyclingpro.net\/velopro\/wp-json\/wp\/v2\/types\/post"}],"author":[{"embeddable":true,"href":"https:\/\/cyclingpro.net\/velopro\/wp-json\/wp\/v2\/users\/5"}],"replies":[{"embeddable":true,"href":"https:\/\/cyclingpro.net\/velopro\/wp-json\/wp\/v2\/comments?post=92668"}],"version-history":[{"count":0,"href":"https:\/\/cyclingpro.net\/velopro\/wp-json\/wp\/v2\/posts\/92668\/revisions"}],"wp:featuredmedia":[{"embeddable":true,"href":"https:\/\/cyclingpro.net\/velopro\/wp-json\/wp\/v2\/media\/73621"}],"wp:attachment":[{"href":"https:\/\/cyclingpro.net\/velopro\/wp-json\/wp\/v2\/media?parent=92668"}],"wp:term":[{"taxonomy":"category","embeddable":true,"href":"https:\/\/cyclingpro.net\/velopro\/wp-json\/wp\/v2\/categories?post=92668"},{"taxonomy":"post_tag","embeddable":true,"href":"https:\/\/cyclingpro.net\/velopro\/wp-json\/wp\/v2\/tags?post=92668"}],"curies":[{"name":"wp","href":"https:\/\/api.w.org\/{rel}","templated":true}]}}