{"id":92604,"date":"2018-09-26T18:43:41","date_gmt":"2018-09-26T16:43:41","guid":{"rendered":"https:\/\/cyclingpro.net\/velopro\/?p=92604"},"modified":"2018-09-26T19:00:02","modified_gmt":"2018-09-26T17:00:02","slug":"tom-dumoulin-cetait-une-heure-penible","status":"publish","type":"post","link":"https:\/\/cyclingpro.net\/velopro\/championnats-du-monde-2018\/tom-dumoulin-cetait-une-heure-penible\/","title":{"rendered":"Tom Dumoulin : \u00ab\u00a0C\u2019\u00e9tait une heure p\u00e9nible\u00a0\u00bb"},"content":{"rendered":"<p style=\"text-align: justify;\">Deuxi\u00e8me du Giro, deuxi\u00e8me du Tour de France et &#8230; deuxi\u00e8me du championnat du monde du contre-la-montre. Pr\u00e9sent sur tous les fronts, Tom Dumoulin n&rsquo;aura toutefois pas r\u00e9ussi \u00e0 ramener LA grande victoire cette saison. En attendant, \u00e9videmment, la course en lignes des Mondiaux d&rsquo;Innsbruck. Quoiqu&rsquo;il en soit, le N\u00e9erlandais a bel et bien perdu son maillot iris\u00e9 dans le chrono, ce mercredi, face \u00e0 un Rohan Dennis a\u00e9rien sur le parcours autrichien. Pour sa part, le coureur de la Sunweb n&rsquo;\u00e9tait pas dans une grande journ\u00e9e et il n&rsquo;a pu finalement se battre que pour une place sur le podium, la deuxi\u00e8me, d\u00e9croch\u00e9e d&rsquo;un fil face \u00e0 Victor Campenaerts (Belgique).<\/p>\n<p class=\"p1\" style=\"text-align: justify;\"><span class=\"s1\"><em>\u00ab\u00a0Ce qu&rsquo;il m&rsquo;a manqu\u00e9 aujourd&rsquo;hui ? De bonnes jambes,<\/em> a-t-il tranch\u00e9 en zone mixte.<em> Je ne les avais pas aujourd\u2019hui et c\u2019\u00e9tait une exp\u00e9rience douloureuse, c&rsquo;\u00e9tait une heure p\u00e9nible. Parfois, c\u2019est comme \u00e7a. Je n\u2019ai pas fait d\u2019erreurs. Techniquement, je pense avoir fait une course correcte, m\u00eame si j\u2019\u00e9tais un peu moins concentr\u00e9 dans les vingt derniers kilom\u00e8tres. De toute fa\u00e7on, si vous n\u2019\u00eates pas dans un bon jour physiquement, c\u2019est juste difficile. Je n\u2019ai jamais \u00e9t\u00e9 en position de remporter la victoire aujourd\u2019hui. P<\/em><\/span><em><span class=\"s1\">eut-\u00eatre que faire deux Grands Tours et un championnat du monde \u00e0 tr\u00e8s haut niveau est trop demander. Il fallait tout de m\u00eame que je tente, et \u00e7a n\u2019a pas march\u00e9. D\u00e9sormais, j\u2019ai besoin de r\u00e9cup\u00e9rer en pr\u00e9vision de dimanche.\u00a0\u00bb<\/span><\/em><\/p>\n<p><span class=\"djaNn9I6YuF43\"><iframe loading=\"lazy\" title=\"Tom Dumoulin - post-race interview - ITT - Innsbruck 2018 (UCI Road WCh)\" width=\"500\" height=\"281\" src=\"https:\/\/www.youtube.com\/embed\/KH8VxL-JZ3o?feature=oembed\" frameborder=\"0\" allow=\"accelerometer; autoplay; clipboard-write; encrypted-media; gyroscope; picture-in-picture; web-share\" referrerpolicy=\"strict-origin-when-cross-origin\" allowfullscreen><\/iframe><\/span><\/p>\n","protected":false},"excerpt":{"rendered":"<p>Deuxi\u00e8me du Giro, deuxi\u00e8me du Tour de France et &#8230; deuxi\u00e8me du championnat du monde du contre-la-montre. Pr\u00e9sent sur tous les fronts, Tom Dumoulin n&rsquo;aura toutefois pas r\u00e9ussi \u00e0 ramener LA grande victoire cette saison. En attendant, \u00e9videmment, la course en lignes des Mondiaux d&rsquo;Innsbruck. Quoiqu&rsquo;il en soit, le N\u00e9erlandais a bel et bien perdu &hellip;<\/p>\n","protected":false},"author":5,"featured_media":92606,"comment_status":"open","ping_status":"open","sticky":false,"template":"","format":"standard","meta":{"footnotes":""},"categories":[17,240,15,18],"tags":[],"class_list":["post-92604","post","type-post","status-publish","format-standard","has-post-thumbnail","hentry","category-une","category-championnats-du-monde-2018","category-route","category-videos"],"_links":{"self":[{"href":"https:\/\/cyclingpro.net\/velopro\/wp-json\/wp\/v2\/posts\/92604","targetHints":{"allow":["GET"]}}],"collection":[{"href":"https:\/\/cyclingpro.net\/velopro\/wp-json\/wp\/v2\/posts"}],"about":[{"href":"https:\/\/cyclingpro.net\/velopro\/wp-json\/wp\/v2\/types\/post"}],"author":[{"embeddable":true,"href":"https:\/\/cyclingpro.net\/velopro\/wp-json\/wp\/v2\/users\/5"}],"replies":[{"embeddable":true,"href":"https:\/\/cyclingpro.net\/velopro\/wp-json\/wp\/v2\/comments?post=92604"}],"version-history":[{"count":0,"href":"https:\/\/cyclingpro.net\/velopro\/wp-json\/wp\/v2\/posts\/92604\/revisions"}],"wp:featuredmedia":[{"embeddable":true,"href":"https:\/\/cyclingpro.net\/velopro\/wp-json\/wp\/v2\/media\/92606"}],"wp:attachment":[{"href":"https:\/\/cyclingpro.net\/velopro\/wp-json\/wp\/v2\/media?parent=92604"}],"wp:term":[{"taxonomy":"category","embeddable":true,"href":"https:\/\/cyclingpro.net\/velopro\/wp-json\/wp\/v2\/categories?post=92604"},{"taxonomy":"post_tag","embeddable":true,"href":"https:\/\/cyclingpro.net\/velopro\/wp-json\/wp\/v2\/tags?post=92604"}],"curies":[{"name":"wp","href":"https:\/\/api.w.org\/{rel}","templated":true}]}}