{"id":92593,"date":"2018-09-26T17:50:29","date_gmt":"2018-09-26T15:50:29","guid":{"rendered":"https:\/\/cyclingpro.net\/velopro\/?p=92593"},"modified":"2018-09-26T17:56:01","modified_gmt":"2018-09-26T15:56:01","slug":"le-label-worldtour-pour-les-3-jours-de-la-panne-en-2019","status":"publish","type":"post","link":"https:\/\/cyclingpro.net\/velopro\/course\/driedaagse-brugge-de-panne\/le-label-worldtour-pour-les-3-jours-de-la-panne-en-2019\/","title":{"rendered":"Le label WorldTour pour les 3 Jours de La Panne en 2019"},"content":{"rendered":"<p style=\"text-align: justify;\">Alors que l&rsquo;Union Cycliste Internationale a annonc\u00e9 mardi quelques r\u00e9formes, dont une refonte partielle du syst\u00e8me WorldTour, les organisateurs des 3 Jours de La Panne ont pour leur part communiqu\u00e9 ce mercredi leur promotion \u00e0 ce m\u00eame rang WorldTour \u00e0 compter de l&rsquo;an prochain. R\u00e9duite \u00e0 une journ\u00e9e depuis cette ann\u00e9e, la course hommes disposera donc d\u00e9sormais du m\u00eame statut que celui octroy\u00e9e \u00e0 l&rsquo;\u00e9preuve f\u00e9minine. D&rsquo;ailleurs, les 3 Jours de La Panne seront compos\u00e9s de ces deux \u00e9preuves, ainsi que d&rsquo;une journ\u00e9e \u00ab\u00a0loisir\u00a0\u00bb dont les contours restent \u00e0 d\u00e9finir.<\/p>\n<p style=\"text-align: justify;\">La Belgique se dote donc d&rsquo;une nouvelle course WorldTour durant le printemps apr\u00e8s l&rsquo;Omloop Het Nieuwsblad, le Grand Prix E3 Harelbeke, Gand-Wevelgem, \u00c0 Travers la Flandre et le Tour des Flandres. <em>\u00ab\u00a0Nous sommes tr\u00e8s heureux de la d\u00e9cision de l&rsquo;UCI d&rsquo;accorder \u00e9galement \u00e0 la course hommes l&rsquo;\u00e9tiquette WorldTour,<\/em> ont \u00e9crit les organisateurs. <em>C&rsquo;est une reconnaissance qui dit tout de la course, de son histoire et de son potentiel futur. C&rsquo;\u00e9tait notre objectif il y a deux ans quand KVC Panne Sportief et Golazo Sports se sont associ\u00e9s pour l&rsquo;organisation. Nous sommes tr\u00e8s fiers du fait que nous avons maintenant une course de haut niveau \u00e0 la fois chez les hommes et chez les femmes.\u00a0\u00bb<\/em><\/p>\n","protected":false},"excerpt":{"rendered":"<p>Alors que l&rsquo;Union Cycliste Internationale a annonc\u00e9 mardi quelques r\u00e9formes, dont une refonte partielle du syst\u00e8me WorldTour, les organisateurs des 3 Jours de La Panne ont pour leur part communiqu\u00e9 ce mercredi leur promotion \u00e0 ce m\u00eame rang WorldTour \u00e0 compter de l&rsquo;an prochain. R\u00e9duite \u00e0 une journ\u00e9e depuis cette ann\u00e9e, la course hommes disposera &hellip;<\/p>\n","protected":false},"author":5,"featured_media":61378,"comment_status":"open","ping_status":"open","sticky":false,"template":"","format":"standard","meta":{"footnotes":""},"categories":[11,45,25,15],"tags":[],"class_list":["post-92593","post","type-post","status-publish","format-standard","has-post-thumbnail","hentry","category-news-niveau-2","category-driedaagse-brugge-de-panne","category-news","category-route"],"_links":{"self":[{"href":"https:\/\/cyclingpro.net\/velopro\/wp-json\/wp\/v2\/posts\/92593","targetHints":{"allow":["GET"]}}],"collection":[{"href":"https:\/\/cyclingpro.net\/velopro\/wp-json\/wp\/v2\/posts"}],"about":[{"href":"https:\/\/cyclingpro.net\/velopro\/wp-json\/wp\/v2\/types\/post"}],"author":[{"embeddable":true,"href":"https:\/\/cyclingpro.net\/velopro\/wp-json\/wp\/v2\/users\/5"}],"replies":[{"embeddable":true,"href":"https:\/\/cyclingpro.net\/velopro\/wp-json\/wp\/v2\/comments?post=92593"}],"version-history":[{"count":0,"href":"https:\/\/cyclingpro.net\/velopro\/wp-json\/wp\/v2\/posts\/92593\/revisions"}],"wp:featuredmedia":[{"embeddable":true,"href":"https:\/\/cyclingpro.net\/velopro\/wp-json\/wp\/v2\/media\/61378"}],"wp:attachment":[{"href":"https:\/\/cyclingpro.net\/velopro\/wp-json\/wp\/v2\/media?parent=92593"}],"wp:term":[{"taxonomy":"category","embeddable":true,"href":"https:\/\/cyclingpro.net\/velopro\/wp-json\/wp\/v2\/categories?post=92593"},{"taxonomy":"post_tag","embeddable":true,"href":"https:\/\/cyclingpro.net\/velopro\/wp-json\/wp\/v2\/tags?post=92593"}],"curies":[{"name":"wp","href":"https:\/\/api.w.org\/{rel}","templated":true}]}}