{"id":92393,"date":"2018-09-26T09:00:42","date_gmt":"2018-09-26T07:00:42","guid":{"rendered":"https:\/\/cyclingpro.net\/velopro\/?p=92393"},"modified":"2018-09-26T09:06:22","modified_gmt":"2018-09-26T07:06:22","slug":"mondiaux-clm-la-presentation-detaillee","status":"publish","type":"post","link":"https:\/\/cyclingpro.net\/velopro\/championnats-du-monde-2018\/mondiaux-clm-la-presentation-detaillee\/","title":{"rendered":"Mondiaux &#8211; CLM : La pr\u00e9sentation d\u00e9taill\u00e9e"},"content":{"rendered":"<p style=\"text-align: justify;\"><strong>25\u00e8me championnat du monde du contre-la-montre, mercredi 26 septembre 2018<br \/>\n<\/strong><strong>Rattenberg &#8211; Innsbruck (52,5 km)<\/strong><\/p>\n<h4 style=\"text-align: justify;\">Infos<\/h4>\n<p style=\"text-align: justify;\">Qui remportera le gros lot \u00e0 l&rsquo;occasion de la 25\u00e8me \u00e9dition du championnat du monde du contre-la-montre individuel ce mercredi ? Un homme fort, \u00e0 n&rsquo;en pas douter. Autour d&rsquo;Innsbruck, les engag\u00e9s seront mis \u00e0 rude \u00e9preuve avec un parcours de plus de cinquante bornes (52,5 km pour \u00eatre pr\u00e9cis) qui peut \u00eatre d\u00e9compos\u00e9 en trois parties, \u00e0 l&rsquo;instar du contre-la-montre par \u00e9quipes disput\u00e9 dimanche dernier.<\/p>\n<p style=\"text-align: justify;\">Dans un premier temps, c&rsquo;est une longue vall\u00e9e de 30 kilom\u00e8tres, quasi-uniquement plate entre Rattenberg et Fritzens, qui est propos\u00e9e aux coureurs. Se pr\u00e9sentera ensuite la difficult\u00e9 majeur de cet exercice chronom\u00e9tr\u00e9 autrichien : la bosse de Gnadenwal. Celle-ci s&rsquo;allonge sur pr\u00e8s de cinq kilom\u00e8tres avec une pente moyenne \u00e0 7%. Son passage le plus abrupte flirte avec les 14% et il ne fait aucun doute que des v\u00e9ritables diff\u00e9rences s&rsquo;op\u00e8reront dans cette section du parcours. Il faudra aux coureurs perdre le moins de temps possible dans cette partie montante tout en conservant suffisamment d&rsquo;\u00e9nergie pour l&rsquo;ultime segment du parcours.<\/p>\n<p style=\"text-align: justify;\">Au sommet de la bosse, il faudra encore relancer pendant deux kilom\u00e8tres avant de basculer dans une descente de quasiment sept bornes. L\u00e0 encore, l&rsquo;essentiel sera de grignoter au maximum et de r\u00e9cup\u00e9rer quelque peu avant les sept derniers kilom\u00e8tres relativement irr\u00e9guliers et bossel\u00e9s. Au bout du compte, 654 m\u00e8tres de d\u00e9nivel\u00e9 positif et un contre-la-montre qui se jouera \u00e9videmment physiquement, mais aussi tactiquement.<\/p>\n<p style=\"text-align: justify;\">Sacr\u00e9 pour la premi\u00e8re fois la saison pass\u00e9e, Tom Dumoulin (Pays-Bas) apparait comme un candidat tr\u00e8s cr\u00e9dible \u00e0 sa propre succession, et la mont\u00e9e en milieu de parcours n&rsquo;est pas pour le d\u00e9ranger. Face \u00e0 lui, une horde d&rsquo;outsiders, \u00e0 commencer par l&rsquo;Australien Rohan Dennis, vainqueur de trois chronos sur les Grands Tours cette ann\u00e9e, dont deux sur la derni\u00e8re Vuelta. A\u00e9rien sur le plat, le coureur de la BMC devra g\u00e9rer au mieux l&rsquo;ascension s&rsquo;il veut enfin aller chercher une m\u00e9daille dans l&rsquo;exercice (5e, meilleur r\u00e9sultat en 2014).<\/p>\n<p style=\"text-align: justify;\">Sur le podium aux c\u00f4t\u00e9s de Dumoulin l&rsquo;an pass\u00e9, Chris Froome et Primoz Roglic ne seront pas de la partie pour cette \u00e9dition 2018. Le Britannique a d\u00e9j\u00e0 mis un terme \u00e0 sa saison tandis que le Slov\u00e8ne se concentre exclusivement sur la course sur route. Reste malgr\u00e9 tout quelques gros clients, \u00e0 l&rsquo;instar du quadruple champion du monde de la discipline Tony Martin, du champion d&rsquo;Europe Victor Campenaerts ou de son dauphin \u00e0 Glasgow Jonathan Castroviejo. Sur un parcours o\u00f9 les purs rouleurs ne seront pas forc\u00e9ment \u00e0 leur avantage, on peut aussi attendre beaucoup des coureurs du Team Sky tels que Vasil Kiryienka, ancien champion du monde, et Michal Kwiatkowski.<\/p>\n<p style=\"text-align: justify;\">La France sera pour sa part repr\u00e9sent\u00e9e par Yoann Paillot et le jeune Benjamin Thomas. Face \u00e0 une telle concurrence, un top 15 pour la d\u00e9l\u00e9gation tricolore apparaitrait d\u00e9j\u00e0 comme un solide r\u00e9sultat.<\/p>\n<h4>Carte et profil<\/h4>\n<div id='gallery-1' class='gallery galleryid-92393 gallery-columns-3 gallery-size-thumbnail'><figure class='gallery-item'>\n\t\t\t<div class='gallery-icon landscape'>\n\t\t\t\t<a href='https:\/\/cyclingpro.net\/velopro\/wp-content\/uploads\/2018\/09\/Innsbruck-2018-Planimetria-Crono-Uomini-e\u0301lite.png'><img loading=\"lazy\" decoding=\"async\" width=\"150\" height=\"150\" src=\"https:\/\/cyclingpro.net\/velopro\/wp-content\/uploads\/2018\/09\/Innsbruck-2018-Planimetria-Crono-Uomini-e\u0301lite-150x150.png\" class=\"attachment-thumbnail size-thumbnail\" alt=\"\" \/><\/a>\n\t\t\t<\/div><\/figure><figure class='gallery-item'>\n\t\t\t<div class='gallery-icon landscape'>\n\t\t\t\t<a href='https:\/\/cyclingpro.net\/velopro\/wp-content\/uploads\/2018\/09\/Ho\u0308henprofil-Einzelzeitfahren-Herren-Elite.jpg'><img loading=\"lazy\" decoding=\"async\" width=\"150\" height=\"150\" src=\"https:\/\/cyclingpro.net\/velopro\/wp-content\/uploads\/2018\/09\/Ho\u0308henprofil-Einzelzeitfahren-Herren-Elite-150x150.jpg\" class=\"attachment-thumbnail size-thumbnail\" alt=\"\" \/><\/a>\n\t\t\t<\/div><\/figure>\n\t\t<\/div>\n\n<h4>Palmar\u00e8s<\/h4>\n<p>2017 Tom Dumoulin<br \/>\n2016 Tony Martin<br \/>\n2015 Vasil Kiryienka<br \/>\n2014 Bradley Wiggins<br \/>\n2013 Tony Martin<br \/>\n2012 Tony Martin<br \/>\n2011 Tony Martin<br \/>\n2010 Fabian Cancellara<br \/>\n2009 Fabian Cancellara<br \/>\n2008 Bert Grabsch<\/p>\n<h4>Ordre et horaires des partants<\/h4>\n<p>1. 14:10:00 61 KELDERMAN Wilco NED 1991<br \/>\n2. 14:11:30 60 DE MARCHI Alessandro ITA 1986<br \/>\n3. 14:13:00 59 CHRISTOPHER Darel Jr. BVI 1990<br \/>\n4. 14:14:30 58 ULLAH Najeeb PAK 1992<br \/>\n5. 14:16:00 57 WAIS Ahmad Badreddin SYR 1991<br \/>\n6. 14:17:30 56 PRAYOGO Dealton Nur Arif INA 1993<br \/>\n7. 14:19:00 55 GRMAY Tsgabu Gebremaryam ETH 1991<br \/>\n8. 14:20:30 54 ZHUPA Eugert ALB 1990<br \/>\n9. 14:22:00 53 CHIU Ho San HKG 1995<br \/>\n10. 14:23:30 52 MUHAMMAD Arsalan Anjum PAK 1995<br \/>\n11. 14:25:00 51 TEKLEHAIMANOT Daniel ERI 1988<br \/>\n12. 14:26:30 50 KONOVALOVAS Ignatas LTU 1985<br \/>\n13. 14:28:00 49 PAILLOT Yoann FRA 1991<br \/>\n14. 14:29:30 48 BARTA Jan CZE 1984<br \/>\n15. 14:31:00 47 ROCHE Nicolas IRL 1984<br \/>\n16. 14:32:30 46 PREIDLER Georg AUT 1990<br \/>\n17. 14:34:00 45 VOROBYEV Anton RUS 1990<br \/>\n18. 14:35:30 44 ROSSKOPF Joseph USA 1989<br \/>\n19. 14:37:00 43 BOND Hamish NZL 1986<br \/>\n20. 14:38:30 42 GEOGHEGAN HART Tao GBR 1995<br \/>\n21. 14:40:00 41 MADSEN Martin Toft DEN 1985<br \/>\n22. 14:41:30 40 DILLIER Silvan SUI 1990<br \/>\n23. 14:43:00 39 GONCALVES Domingos POR 1989<br \/>\n24. 14:44:30 38 SCHACHMANN Maximilian GER 1994<br \/>\n25. 14:46:00 37 BODNAR Maciej POL 1985<br \/>\n26. 14:47:30 36 DE PLUS Laurens BEL 1995<br \/>\n27. 14:49:00 35 SOLER Marc ESP 1993<br \/>\n28. 14:50:30 34 VAN EMDEN Jos NED 1985<br \/>\n29. 14:52:00 33 SEPULVEDA Eduardo ARG 1991<br \/>\n30. 14:53:30 32 HOULE Hugo CAN 1990<br \/>\n31. 14:55:00 31 SKJERPING Kristoffer NOR 1993<br \/>\n32. 14:56:30 30 FELLINE Fabio ITA 1990<br \/>\n33. 14:58:00 29 DEBESAY Mekseb ERI 1991<br \/>\n34. 14:59:30 28 LUDVIGSSON Tobias SWE 1991<br \/>\n35. 15:01:00 27 SKUJINS Toms LAT 1991<br \/>\n36. 15:02:30 26 BAGDONAS Gediminas LTU 1985<br \/>\n37. 15:04:00 25 THOMAS Benjamin FRA 1995<br \/>\n38. 15:05:30 24 CERNY Josef CZE 1993<br \/>\n39. 15:07:00 23 CANECKY Marek SVK 1988<br \/>\n40. 15:08:30 22 KANGERT Tanel EST 1987<br \/>\n41. 15:10:00 21 GRIVKO Andrey UKR 1983<br \/>\n42. 15:11:30 20 CONTRERAS PINZON Rodrigo COL 1994<br \/>\n43. 15:13:00 19 MULLEN Ryan IRL 1994<br \/>\n44. 15:14:30 18 BRANDLE Matthias AUT 1989<br \/>\n45. 15:16:00 17 SIVAKOV Pavel RUS 1997<br \/>\n46. 15:17:30 16 TRATNIK Jan SLO 1990<br \/>\n47. 15:19:00 15 LUTSENKO Alexey KAZ 1992<br \/>\n48. 15:20:30 14 VAN GARDEREN Tejay USA 1988<br \/>\n49. 15:22:00 13 BEVIN Patrick NZL 1991<br \/>\n50. 15:23:30 12 JUNGELS Bob LUX 1992<br \/>\n51. 15:25:00 11 DOWSETT Alex GBR 1988<br \/>\n52. 15:26:30 10 KRAGH ANDERSEN Soren DEN 1994<br \/>\n53. 15:28:00 9 KUNG Stefan SUI 1993<br \/>\n54. 15:29:30 8 OLIVEIRA Nelson POR 1989<br \/>\n55. 15:31:00 7 MARTIN Tony GER 1985<br \/>\n56. 15:32:30 6 KWIATKOWSKI Michal POL 1990<br \/>\n57. 15:34:00 5 CAMPENAERTS Victor BEL 1991<br \/>\n58. 15:35:30 4 KIRYIENKA Vasil BLR 1981<br \/>\n59. 15:37:00 3 CASTROVIEJO Jonathan ESP 1987<br \/>\n60. 15:38:30 2 DENNIS Rohan AUS 1990<br \/>\n61. 15:40:00 1 DUMOULIN Tom NED 1990<\/p>\n","protected":false},"excerpt":{"rendered":"<p>25\u00e8me championnat du monde du contre-la-montre, mercredi 26 septembre 2018 Rattenberg &#8211; Innsbruck (52,5 km) Infos Qui remportera le gros lot \u00e0 l&rsquo;occasion de la 25\u00e8me \u00e9dition du championnat du monde du contre-la-montre individuel ce mercredi ? Un homme fort, \u00e0 n&rsquo;en pas douter. Autour d&rsquo;Innsbruck, les engag\u00e9s seront mis \u00e0 rude \u00e9preuve avec un &hellip;<\/p>\n","protected":false},"author":5,"featured_media":92399,"comment_status":"open","ping_status":"open","sticky":false,"template":"","format":"standard","meta":{"footnotes":""},"categories":[27,17,240,24,15,16],"tags":[],"class_list":["post-92393","post","type-post","status-publish","format-standard","has-post-thumbnail","hentry","category-gros-bloc","category-une","category-championnats-du-monde-2018","category-presentation-course","category-route","category-startlist"],"_links":{"self":[{"href":"https:\/\/cyclingpro.net\/velopro\/wp-json\/wp\/v2\/posts\/92393","targetHints":{"allow":["GET"]}}],"collection":[{"href":"https:\/\/cyclingpro.net\/velopro\/wp-json\/wp\/v2\/posts"}],"about":[{"href":"https:\/\/cyclingpro.net\/velopro\/wp-json\/wp\/v2\/types\/post"}],"author":[{"embeddable":true,"href":"https:\/\/cyclingpro.net\/velopro\/wp-json\/wp\/v2\/users\/5"}],"replies":[{"embeddable":true,"href":"https:\/\/cyclingpro.net\/velopro\/wp-json\/wp\/v2\/comments?post=92393"}],"version-history":[{"count":0,"href":"https:\/\/cyclingpro.net\/velopro\/wp-json\/wp\/v2\/posts\/92393\/revisions"}],"wp:featuredmedia":[{"embeddable":true,"href":"https:\/\/cyclingpro.net\/velopro\/wp-json\/wp\/v2\/media\/92399"}],"wp:attachment":[{"href":"https:\/\/cyclingpro.net\/velopro\/wp-json\/wp\/v2\/media?parent=92393"}],"wp:term":[{"taxonomy":"category","embeddable":true,"href":"https:\/\/cyclingpro.net\/velopro\/wp-json\/wp\/v2\/categories?post=92393"},{"taxonomy":"post_tag","embeddable":true,"href":"https:\/\/cyclingpro.net\/velopro\/wp-json\/wp\/v2\/tags?post=92393"}],"curies":[{"name":"wp","href":"https:\/\/api.w.org\/{rel}","templated":true}]}}