{"id":92273,"date":"2018-09-24T11:01:47","date_gmt":"2018-09-24T09:01:47","guid":{"rendered":"https:\/\/cyclingpro.net\/velopro\/?p=92273"},"modified":"2018-09-24T11:01:47","modified_gmt":"2018-09-24T09:01:47","slug":"tom-dumoulin-nous-pouvons-etre-fiers-de-notre-performance","status":"publish","type":"post","link":"https:\/\/cyclingpro.net\/velopro\/championnats-du-monde-2018\/tom-dumoulin-nous-pouvons-etre-fiers-de-notre-performance\/","title":{"rendered":"Tom Dumoulin : \u00ab Nous pouvons \u00eatre fiers de notre performance \u00bb"},"content":{"rendered":"<p style=\"text-align: justify;\">Apr\u00e8s un mois sans courir, Tom Dumoulin retrouvait la comp\u00e9tition sur le contre-la-montre par \u00e9quipes des Mondiaux d&rsquo;Innsbruck. Deuxi\u00e8me de l&rsquo;\u00e9preuve avec la Sunweb ce dimanche, le dauphin de Geraint Thomas sur le Tour de France balayait une \u00e9ventuelle d\u00e9ception d&rsquo;un revers de main. Lui est en forme, et reste impatient d&rsquo;en d\u00e9coudre mercredi sur l&rsquo;\u00e9preuve individuelle.<\/p>\n<p style=\"text-align: justify;\">\u00ab <em>Je ne suis pas vraiment d\u00e9\u00e7u&#8230; Forc\u00e9ment quand vous \u00eates champions du monde, vous voulez l&rsquo;\u00eatre \u00e0 nouveau<\/em>, a r\u00e9agi Dumoulin apr\u00e8s les c\u00e9r\u00e9monies du podium. <em>\u00c7a n&rsquo;a pas fonctionn\u00e9, mais nous pouvons \u00eatre fiers de notre performance. Quick-Step \u00e9tait plus fort, c&rsquo;est tout.<\/em> \u00bb<\/p>\n<p class=\"r\"><strong><a class=\"igraal-processed igraal-link-8ca7834a-729a-42a3-bd09-acce5e7d0734\" href=\"https:\/\/cyclingpro.net\/velopro\/championnats-du-monde-2018\/mondiaux-clm-par-equipes-quick-step-retrouve-sa-couronne\/\">Lire aussi &gt; Mondiaux &#8211; CLM par \u00e9quipes : Quick-Step retrouve sa couronne<\/a><\/strong><\/p>\n<p style=\"text-align: justify;\">D\u00e8s mercredi, sur l&rsquo;\u00e9preuve individuelle du contre-la-montre, Dumoulin aura une nouvelle chance de sacre mondial. Il y d\u00e9fendra son maillot arc-en-ciel acquis l&rsquo;an pass\u00e9 \u00e0 Bergen. \u00ab <em>La forme est bonne.\u00a0Je suis toujours optimiste jusqu&rsquo;\u00e0 la ligne d&rsquo;arriv\u00e9e, je vois ensuite si j&rsquo;avais raison de l&rsquo;\u00eatre ou non. Pour mercredi, le parcours est similaire \u00e0 celui du chrono par \u00e9quipes, seulement un peu plus court<\/em>, a-t-il expliqu\u00e9. <em>J&rsquo;aurais pr\u00e9f\u00e9r\u00e9 que les 25 premiers kilom\u00e8tres de plat soient enlev\u00e9s (il sourit), mais c&rsquo;est comme \u00e7a : je pense que c&rsquo;est un trac\u00e9 qui me correspond.<\/em> \u00bb<\/p>\n<p><span class=\"AE4eNmsU9jnxkSLi67JYMa1pCKIGlQwR3zurBZcX5POvdVD2g\"><iframe loading=\"lazy\" title=\"Tom Dumoulin - post-race interview - TTT - Innsbruck 2018 (UCI Road WCh)\" width=\"500\" height=\"281\" src=\"https:\/\/www.youtube.com\/embed\/3TbhBK-NC-M?feature=oembed\" frameborder=\"0\" allow=\"accelerometer; autoplay; clipboard-write; encrypted-media; gyroscope; picture-in-picture; web-share\" referrerpolicy=\"strict-origin-when-cross-origin\" allowfullscreen><\/iframe><\/span><\/p>\n","protected":false},"excerpt":{"rendered":"<p>Apr\u00e8s un mois sans courir, Tom Dumoulin retrouvait la comp\u00e9tition sur le contre-la-montre par \u00e9quipes des Mondiaux d&rsquo;Innsbruck. Deuxi\u00e8me de l&rsquo;\u00e9preuve avec la Sunweb ce dimanche, le dauphin de Geraint Thomas sur le Tour de France balayait une \u00e9ventuelle d\u00e9ception d&rsquo;un revers de main. Lui est en forme, et reste impatient d&rsquo;en d\u00e9coudre mercredi sur &hellip;<\/p>\n","protected":false},"author":15,"featured_media":92276,"comment_status":"open","ping_status":"open","sticky":false,"template":"","format":"standard","meta":{"footnotes":""},"categories":[17,240,8,15,18,19],"tags":[],"class_list":["post-92273","post","type-post","status-publish","format-standard","has-post-thumbnail","hentry","category-une","category-championnats-du-monde-2018","category-interviews","category-route","category-videos","category-worldtour"],"_links":{"self":[{"href":"https:\/\/cyclingpro.net\/velopro\/wp-json\/wp\/v2\/posts\/92273","targetHints":{"allow":["GET"]}}],"collection":[{"href":"https:\/\/cyclingpro.net\/velopro\/wp-json\/wp\/v2\/posts"}],"about":[{"href":"https:\/\/cyclingpro.net\/velopro\/wp-json\/wp\/v2\/types\/post"}],"author":[{"embeddable":true,"href":"https:\/\/cyclingpro.net\/velopro\/wp-json\/wp\/v2\/users\/15"}],"replies":[{"embeddable":true,"href":"https:\/\/cyclingpro.net\/velopro\/wp-json\/wp\/v2\/comments?post=92273"}],"version-history":[{"count":0,"href":"https:\/\/cyclingpro.net\/velopro\/wp-json\/wp\/v2\/posts\/92273\/revisions"}],"wp:featuredmedia":[{"embeddable":true,"href":"https:\/\/cyclingpro.net\/velopro\/wp-json\/wp\/v2\/media\/92276"}],"wp:attachment":[{"href":"https:\/\/cyclingpro.net\/velopro\/wp-json\/wp\/v2\/media?parent=92273"}],"wp:term":[{"taxonomy":"category","embeddable":true,"href":"https:\/\/cyclingpro.net\/velopro\/wp-json\/wp\/v2\/categories?post=92273"},{"taxonomy":"post_tag","embeddable":true,"href":"https:\/\/cyclingpro.net\/velopro\/wp-json\/wp\/v2\/tags?post=92273"}],"curies":[{"name":"wp","href":"https:\/\/api.w.org\/{rel}","templated":true}]}}