{"id":92204,"date":"2018-09-23T16:53:13","date_gmt":"2018-09-23T14:53:13","guid":{"rendered":"https:\/\/cyclingpro.net\/velopro\/?p=92204"},"modified":"2018-09-23T17:50:47","modified_gmt":"2018-09-23T15:50:47","slug":"mondiaux-clm-par-equipes-quick-step-retrouve-sa-couronne","status":"publish","type":"post","link":"https:\/\/cyclingpro.net\/velopro\/championnats-du-monde-2018\/mondiaux-clm-par-equipes-quick-step-retrouve-sa-couronne\/","title":{"rendered":"Mondiaux &#8211; CLM par \u00e9quipes : Quick-Step retrouve sa couronne"},"content":{"rendered":"<p style=\"text-align: justify;\"><em>Championne du monde de la discipline en 2016, Quick-Step a cr\u00e9\u00e9 la surprise ce dimanche. En 1h07&rsquo;25\u00a0\u00bb, la formation belge a domin\u00e9 le contre-la-montre par \u00e9quipes des Mondiaux d&rsquo;Innsbruck ce dimanche. Les favorites Sunweb et BMC doivent se contenter respectivement des deuxi\u00e8me et troisi\u00e8me positions.<\/em><\/p>\n<p style=\"text-align: justify;\">Une Quick-Step en or. En remportant le contre-la-montre par \u00e9quipes des Mondiaux d&rsquo;Innsbruck, la formation belge signe sa 69e victoire de l&rsquo;ann\u00e9e. Une performance \u00e9tablie gr\u00e2ce \u00e0 un d\u00e9part relativement prudent : au premier interm\u00e9diaire, les co\u00e9quipiers d&rsquo;Yves Lampaert et Bob Jungels signaient le troisi\u00e8me temps, \u00e0 12&Prime;93 de la marque de r\u00e9f\u00e9rence pos\u00e9e par la Mitchelton-Scott.<\/p>\n<p style=\"text-align: justify;\">Si la formation australienne a craqu\u00e9 dans la deuxi\u00e8me partie du parcours avec la redoutable bosse, ce n&rsquo;est pas le cas de la Quick-Step. Au deuxi\u00e8me interm\u00e9diaire, la formation belge signait alors le deuxi\u00e8me temps, dans la m\u00eame seconde que les favoris de la Sunweb. Les BMC pointaient alors \u00e0 trois secondes des deux premi\u00e8res.<\/p>\n<p style=\"text-align: justify;\">Au gr\u00e9 d&rsquo;un superbe final, les Quick-Step ont r\u00e9ussi \u00e0 rester \u00e0 cinq coureurs pour rel\u00e9guer les tenants du titre \u00e0 18 secondes sur la ligne d&rsquo;arriv\u00e9e. Ces derniers devront se contenter de la m\u00e9daille d&rsquo;argent, avec une seconde d&rsquo;avance sur la BMC, arriv\u00e9e troisi\u00e8me. Sky et Mitchelton-Scott ont trop t\u00f4t \u00e9t\u00e9 r\u00e9duites \u00e0 quatre unit\u00e9s : les deux outsiders ont alors cess\u00e9 de faire illusion dans la derni\u00e8re partie.<\/p>\n<p><strong>Le top 10 de l&rsquo;\u00e9preuve :\u00a0<\/strong><br \/>\n1. Quick-Step en 1h07&rsquo;25&Prime;94<br \/>\n2. Sunweb \u00e0 18&Prime;46<br \/>\n3. BMC \u00e0 19&Prime;55<br \/>\n4. Sky \u00e0 44&Prime;96<br \/>\n5. Mitchelton-Scott \u00e0 56&Prime;68<br \/>\n6. Movistar \u00e0 1&rsquo;31&Prime;70<br \/>\n7. Trek \u00e0 2&rsquo;03&Prime;97<br \/>\n8. Bora \u00e0 2&rsquo;07&Prime;24<br \/>\n9. CCC \u00e0 2&rsquo;37&Prime;44<br \/>\n10. Astana \u00e0 2&rsquo;53&Prime;79<\/p>\n","protected":false},"excerpt":{"rendered":"<p>Championne du monde de la discipline en 2016, Quick-Step a cr\u00e9\u00e9 la surprise ce dimanche. En 1h07&rsquo;25\u00a0\u00bb, la formation belge a domin\u00e9 le contre-la-montre par \u00e9quipes des Mondiaux d&rsquo;Innsbruck ce dimanche. Les favorites Sunweb et BMC doivent se contenter respectivement des deuxi\u00e8me et troisi\u00e8me positions. Une Quick-Step en or. En remportant le contre-la-montre par \u00e9quipes &hellip;<\/p>\n","protected":false},"author":15,"featured_media":92242,"comment_status":"open","ping_status":"open","sticky":false,"template":"","format":"standard","meta":{"footnotes":""},"categories":[27,17,225,240,14,15,28],"tags":[],"class_list":["post-92204","post","type-post","status-publish","format-standard","has-post-thumbnail","hentry","category-gros-bloc","category-une","category-championnat-du-monde","category-championnats-du-monde-2018","category-resultats","category-route","category-course"],"_links":{"self":[{"href":"https:\/\/cyclingpro.net\/velopro\/wp-json\/wp\/v2\/posts\/92204","targetHints":{"allow":["GET"]}}],"collection":[{"href":"https:\/\/cyclingpro.net\/velopro\/wp-json\/wp\/v2\/posts"}],"about":[{"href":"https:\/\/cyclingpro.net\/velopro\/wp-json\/wp\/v2\/types\/post"}],"author":[{"embeddable":true,"href":"https:\/\/cyclingpro.net\/velopro\/wp-json\/wp\/v2\/users\/15"}],"replies":[{"embeddable":true,"href":"https:\/\/cyclingpro.net\/velopro\/wp-json\/wp\/v2\/comments?post=92204"}],"version-history":[{"count":0,"href":"https:\/\/cyclingpro.net\/velopro\/wp-json\/wp\/v2\/posts\/92204\/revisions"}],"wp:featuredmedia":[{"embeddable":true,"href":"https:\/\/cyclingpro.net\/velopro\/wp-json\/wp\/v2\/media\/92242"}],"wp:attachment":[{"href":"https:\/\/cyclingpro.net\/velopro\/wp-json\/wp\/v2\/media?parent=92204"}],"wp:term":[{"taxonomy":"category","embeddable":true,"href":"https:\/\/cyclingpro.net\/velopro\/wp-json\/wp\/v2\/categories?post=92204"},{"taxonomy":"post_tag","embeddable":true,"href":"https:\/\/cyclingpro.net\/velopro\/wp-json\/wp\/v2\/tags?post=92204"}],"curies":[{"name":"wp","href":"https:\/\/api.w.org\/{rel}","templated":true}]}}