{"id":92033,"date":"2018-09-22T12:50:49","date_gmt":"2018-09-22T10:50:49","guid":{"rendered":"https:\/\/cyclingpro.net\/velopro\/?p=92033"},"modified":"2018-09-22T12:50:49","modified_gmt":"2018-09-22T10:50:49","slug":"mondiaux-le-portugal-sannonce-autour-de-rui-costa","status":"publish","type":"post","link":"https:\/\/cyclingpro.net\/velopro\/championnats-du-monde-2018\/mondiaux-le-portugal-sannonce-autour-de-rui-costa\/","title":{"rendered":"Mondiaux : Le Portugal s&rsquo;annonce autour de Rui Costa"},"content":{"rendered":"<p style=\"text-align: justify;\">La Portugal a d\u00e9voil\u00e9 le nom des quatre coureurs qui d\u00e9fendraient ses couleurs, le 30 septembre, sur l&rsquo;\u00e9preuve en ligne des Mondiaux d&rsquo;Innsbruck. Champion du monde en 2013, Rui Costa en sera le leader. Sixi\u00e8me au GP de Montr\u00e9al, le coureur de 31 ans a montr\u00e9 qu&rsquo;il \u00e9tait en bonne forme. Il sera \u00e9paul\u00e9 par Nelson Oliveira, Ruben Guerreiro et Tiago Machado.<\/p>\n<p style=\"text-align: justify;\">Les deux coureurs s\u00e9lectionn\u00e9s pour l&rsquo;\u00e9preuve contre-la-montre ont aussi \u00e9t\u00e9 annonc\u00e9s. Le Portugal sera d\u00e9fendu le 26 septembre par Nelson Oliveira et Domingos Gon\u00e7alves, le champion national de la discipline.<\/p>\n","protected":false},"excerpt":{"rendered":"<p>La Portugal a d\u00e9voil\u00e9 le nom des quatre coureurs qui d\u00e9fendraient ses couleurs, le 30 septembre, sur l&rsquo;\u00e9preuve en ligne des Mondiaux d&rsquo;Innsbruck. Champion du monde en 2013, Rui Costa en sera le leader. Sixi\u00e8me au GP de Montr\u00e9al, le coureur de 31 ans a montr\u00e9 qu&rsquo;il \u00e9tait en bonne forme. Il sera \u00e9paul\u00e9 par &hellip;<\/p>\n","protected":false},"author":15,"featured_media":66559,"comment_status":"open","ping_status":"open","sticky":false,"template":"","format":"standard","meta":{"footnotes":""},"categories":[11,240,26],"tags":[],"class_list":["post-92033","post","type-post","status-publish","format-standard","has-post-thumbnail","hentry","category-news-niveau-2","category-championnats-du-monde-2018","category-compositions"],"_links":{"self":[{"href":"https:\/\/cyclingpro.net\/velopro\/wp-json\/wp\/v2\/posts\/92033","targetHints":{"allow":["GET"]}}],"collection":[{"href":"https:\/\/cyclingpro.net\/velopro\/wp-json\/wp\/v2\/posts"}],"about":[{"href":"https:\/\/cyclingpro.net\/velopro\/wp-json\/wp\/v2\/types\/post"}],"author":[{"embeddable":true,"href":"https:\/\/cyclingpro.net\/velopro\/wp-json\/wp\/v2\/users\/15"}],"replies":[{"embeddable":true,"href":"https:\/\/cyclingpro.net\/velopro\/wp-json\/wp\/v2\/comments?post=92033"}],"version-history":[{"count":0,"href":"https:\/\/cyclingpro.net\/velopro\/wp-json\/wp\/v2\/posts\/92033\/revisions"}],"wp:featuredmedia":[{"embeddable":true,"href":"https:\/\/cyclingpro.net\/velopro\/wp-json\/wp\/v2\/media\/66559"}],"wp:attachment":[{"href":"https:\/\/cyclingpro.net\/velopro\/wp-json\/wp\/v2\/media?parent=92033"}],"wp:term":[{"taxonomy":"category","embeddable":true,"href":"https:\/\/cyclingpro.net\/velopro\/wp-json\/wp\/v2\/categories?post=92033"},{"taxonomy":"post_tag","embeddable":true,"href":"https:\/\/cyclingpro.net\/velopro\/wp-json\/wp\/v2\/tags?post=92033"}],"curies":[{"name":"wp","href":"https:\/\/api.w.org\/{rel}","templated":true}]}}