{"id":91954,"date":"2018-09-20T18:26:19","date_gmt":"2018-09-20T16:26:19","guid":{"rendered":"https:\/\/cyclingpro.net\/velopro\/?p=91954"},"modified":"2018-09-20T18:36:50","modified_gmt":"2018-09-20T16:36:50","slug":"warren-barguil-je-respecte-les-choix-du-selectionneur","status":"publish","type":"post","link":"https:\/\/cyclingpro.net\/velopro\/championnats-du-monde-2018\/warren-barguil-je-respecte-les-choix-du-selectionneur\/","title":{"rendered":"Warren Barguil : \u00ab\u00a0Je respecte les choix du s\u00e9lectionneur\u00a0\u00bb"},"content":{"rendered":"<p style=\"text-align: justify;\">Warren Barguil ne sera pas des prochains championnats du monde. Il l&rsquo;a appris aujourd&rsquo;hui-m\u00eame apr\u00e8s qu&rsquo;Alexandre Geniez a \u00e9t\u00e9 choisi comme le huiti\u00e8me homme. Le Breton r\u00eavait pourtant des Mondiaux depuis plusieurs mois, comme bien d&rsquo;autres, mais il n&rsquo;a pas su convaincre Cyrille Guimard, le s\u00e9lectionneur de l&rsquo;\u00e9quipe de France. Le double vainqueur d&rsquo;\u00e9tape et meilleur grimpeur du Tour de France 2017 a v\u00e9cu une saison poussive et sa r\u00e9cente mont\u00e9e en pression n&rsquo;a visiblement pas \u00e9t\u00e9 suffisante. Dixi\u00e8me de la Coppa Sabatini ce jeudi, le coureur de la Fortuneo-Samsic s&rsquo;est refus\u00e9 \u00e0 laisser l&rsquo;amertume prendre le pas.<\/p>\n<p style=\"text-align: justify;\"><em>\u00ab\u00a0L\u2019amour et le respect que je porte au maillot de l\u2019\u00e9quipe de France seront toujours plus forts que ma d\u00e9ception quant \u00e0 ma non-s\u00e9lection pour les Championnats du Monde route 2018 \u00e0 Innsbruck,<\/em> a-t-il \u00e9crit sur les r\u00e9seaux sociaux.\u00a0<em>Cette course \u00e9tait l\u2019un de mes objectifs, je m\u2019\u00e9tais pr\u00e9par\u00e9 pour en effectuant un stage il y a quelques semaines, j\u2019ai r\u00e9alis\u00e9 par la suite de bonnes prestations sur le Tour d\u2019Allemagne (6e) et sur le Grand Prix de Wallonie (3e). Mais cela n\u2019a pas suffi. Le s\u00e9lectionneur national a fait ses choix que je respecte, faites comme moi s\u2019il vous pla\u00eet ; pas de commentaires n\u00e9gatifs \u00e0 son \u00e9gard ou celui de l\u2019\u00e9quipe de France. J\u2019apporte d\u2019ailleurs tout mon soutien aux coureurs s\u00e9lectionn\u00e9s. Je vais maintenant me concentrer sur les derniers objectifs qui me restent avec Fortuneo-Samsic, en croquant \u00e0 \u00ab\u00a0fond\u00a0\u00bb ce dernier mois de comp\u00e9tition.\u00a0\u00bb\u00a0<\/em>Avec tout particuli\u00e8rement en ligne de mire, le Tour de Lombardie.<\/p>\n","protected":false},"excerpt":{"rendered":"<p>Warren Barguil ne sera pas des prochains championnats du monde. Il l&rsquo;a appris aujourd&rsquo;hui-m\u00eame apr\u00e8s qu&rsquo;Alexandre Geniez a \u00e9t\u00e9 choisi comme le huiti\u00e8me homme. Le Breton r\u00eavait pourtant des Mondiaux depuis plusieurs mois, comme bien d&rsquo;autres, mais il n&rsquo;a pas su convaincre Cyrille Guimard, le s\u00e9lectionneur de l&rsquo;\u00e9quipe de France. Le double vainqueur d&rsquo;\u00e9tape et &hellip;<\/p>\n","protected":false},"author":5,"featured_media":91957,"comment_status":"open","ping_status":"open","sticky":false,"template":"","format":"standard","meta":{"footnotes":""},"categories":[11,240,15],"tags":[],"class_list":["post-91954","post","type-post","status-publish","format-standard","has-post-thumbnail","hentry","category-news-niveau-2","category-championnats-du-monde-2018","category-route"],"_links":{"self":[{"href":"https:\/\/cyclingpro.net\/velopro\/wp-json\/wp\/v2\/posts\/91954","targetHints":{"allow":["GET"]}}],"collection":[{"href":"https:\/\/cyclingpro.net\/velopro\/wp-json\/wp\/v2\/posts"}],"about":[{"href":"https:\/\/cyclingpro.net\/velopro\/wp-json\/wp\/v2\/types\/post"}],"author":[{"embeddable":true,"href":"https:\/\/cyclingpro.net\/velopro\/wp-json\/wp\/v2\/users\/5"}],"replies":[{"embeddable":true,"href":"https:\/\/cyclingpro.net\/velopro\/wp-json\/wp\/v2\/comments?post=91954"}],"version-history":[{"count":0,"href":"https:\/\/cyclingpro.net\/velopro\/wp-json\/wp\/v2\/posts\/91954\/revisions"}],"wp:featuredmedia":[{"embeddable":true,"href":"https:\/\/cyclingpro.net\/velopro\/wp-json\/wp\/v2\/media\/91957"}],"wp:attachment":[{"href":"https:\/\/cyclingpro.net\/velopro\/wp-json\/wp\/v2\/media?parent=91954"}],"wp:term":[{"taxonomy":"category","embeddable":true,"href":"https:\/\/cyclingpro.net\/velopro\/wp-json\/wp\/v2\/categories?post=91954"},{"taxonomy":"post_tag","embeddable":true,"href":"https:\/\/cyclingpro.net\/velopro\/wp-json\/wp\/v2\/tags?post=91954"}],"curies":[{"name":"wp","href":"https:\/\/api.w.org\/{rel}","templated":true}]}}