{"id":91950,"date":"2018-09-20T16:56:45","date_gmt":"2018-09-20T14:56:45","guid":{"rendered":"https:\/\/cyclingpro.net\/velopro\/?p=91950"},"modified":"2018-09-20T16:57:49","modified_gmt":"2018-09-20T14:57:49","slug":"wout-van-aert-courra-avec-un-maillot-sans-marque","status":"publish","type":"post","link":"https:\/\/cyclingpro.net\/velopro\/cyclocross\/wout-van-aert-courra-avec-un-maillot-sans-marque\/","title":{"rendered":"Wout van Aert courra avec un maillot sans marque"},"content":{"rendered":"<p style=\"text-align: justify;\">Ce dimanche, \u00e0 l&rsquo;occasion de la premi\u00e8re manche de Coupe du Monde de cyclo-cross de la saison, \u00e0 Waterloo, dans l&rsquo;Iowa, Wout van Aert arborera son maillot de champion de monde, mais sans aucun sponsor. Ayant mis un terme imm\u00e9diat \u00e0 son contrat avec Veranda&rsquo;s Willems-Crelan, le jeune Belge ne peut donc concourir qu&rsquo;avec un maillot \u00ab\u00a0neutre\u00a0\u00bb, d\u00e9nu\u00e9 de marques. Il a, \u00e0 ce titre, re\u00e7u une\u00a0licence &lsquo;\u00e9lite individuelle&rsquo; de la part de sa f\u00e9d\u00e9ration.<em>\u00a0\u00ab\u00a0Wout Van Aert peut chercher un propre sponsor, mais cela doit d&rsquo;abord \u00eatre communiqu\u00e9 dans un dossier officiel, <\/em>a pr\u00e9cis\u00e9 le directeur g\u00e9n\u00e9ral de la f\u00e9d\u00e9ration belge,\u00a0Jos Smets, aupr\u00e8s du Het Laast Nieuws. <em>Aussi longtemps que ce n&rsquo;est pas le cas, Van Aert est confin\u00e9 \u00e0 son maillot blanc\u00a0\u00bb.<\/em><\/p>\n<p style=\"text-align: justify;\">Mais alors que la saison d\u00e9bute tout juste, le Flamand va aussi devoir affronter son d\u00e9sormais ex-employeur devant le tribunal du travail. Nick Nuyens et les dirigeants de Veranda&rsquo;s Willems-Crelan ont en effet fait savoir, par voie de presse, qu&rsquo;ils n&rsquo;acceptaient les raisons avanc\u00e9es par Wout van Aert pour casser son bail. L&rsquo;automne et l&rsquo;hiver promettent d&rsquo;\u00eatre longs.<\/p>\n","protected":false},"excerpt":{"rendered":"<p>Ce dimanche, \u00e0 l&rsquo;occasion de la premi\u00e8re manche de Coupe du Monde de cyclo-cross de la saison, \u00e0 Waterloo, dans l&rsquo;Iowa, Wout van Aert arborera son maillot de champion de monde, mais sans aucun sponsor. Ayant mis un terme imm\u00e9diat \u00e0 son contrat avec Veranda&rsquo;s Willems-Crelan, le jeune Belge ne peut donc concourir qu&rsquo;avec un &hellip;<\/p>\n","protected":false},"author":5,"featured_media":52314,"comment_status":"open","ping_status":"open","sticky":false,"template":"","format":"standard","meta":{"footnotes":""},"categories":[11,5],"tags":[],"class_list":["post-91950","post","type-post","status-publish","format-standard","has-post-thumbnail","hentry","category-news-niveau-2","category-cyclocross"],"_links":{"self":[{"href":"https:\/\/cyclingpro.net\/velopro\/wp-json\/wp\/v2\/posts\/91950","targetHints":{"allow":["GET"]}}],"collection":[{"href":"https:\/\/cyclingpro.net\/velopro\/wp-json\/wp\/v2\/posts"}],"about":[{"href":"https:\/\/cyclingpro.net\/velopro\/wp-json\/wp\/v2\/types\/post"}],"author":[{"embeddable":true,"href":"https:\/\/cyclingpro.net\/velopro\/wp-json\/wp\/v2\/users\/5"}],"replies":[{"embeddable":true,"href":"https:\/\/cyclingpro.net\/velopro\/wp-json\/wp\/v2\/comments?post=91950"}],"version-history":[{"count":0,"href":"https:\/\/cyclingpro.net\/velopro\/wp-json\/wp\/v2\/posts\/91950\/revisions"}],"wp:featuredmedia":[{"embeddable":true,"href":"https:\/\/cyclingpro.net\/velopro\/wp-json\/wp\/v2\/media\/52314"}],"wp:attachment":[{"href":"https:\/\/cyclingpro.net\/velopro\/wp-json\/wp\/v2\/media?parent=91950"}],"wp:term":[{"taxonomy":"category","embeddable":true,"href":"https:\/\/cyclingpro.net\/velopro\/wp-json\/wp\/v2\/categories?post=91950"},{"taxonomy":"post_tag","embeddable":true,"href":"https:\/\/cyclingpro.net\/velopro\/wp-json\/wp\/v2\/tags?post=91950"}],"curies":[{"name":"wp","href":"https:\/\/api.w.org\/{rel}","templated":true}]}}