{"id":91942,"date":"2018-09-20T15:08:17","date_gmt":"2018-09-20T13:08:17","guid":{"rendered":"https:\/\/cyclingpro.net\/velopro\/?p=91942"},"modified":"2018-09-20T15:08:42","modified_gmt":"2018-09-20T13:08:42","slug":"mondiaux-alexandre-geniez-complete-la-selection-francaise","status":"publish","type":"post","link":"https:\/\/cyclingpro.net\/velopro\/championnats-du-monde-2018\/mondiaux-alexandre-geniez-complete-la-selection-francaise\/","title":{"rendered":"Mondiaux : Alexandre Geniez compl\u00e8te la s\u00e9lection fran\u00e7aise"},"content":{"rendered":"<p style=\"text-align: justify;\">Les Bleus sont d\u00e9sormais au complet. Il ne manquait plus qu&rsquo;un \u00e9l\u00e9ment dans la s\u00e9lection de Cyrille Guimard pour la course en ligne des championnats du monde d&rsquo;Innsbr\u00fcck. La huiti\u00e8me et derni\u00e8re place a finalement \u00e9t\u00e9 attribu\u00e9e, \u00e0 Alexandre Geniez (AG2R-La Mondiale), r\u00e9cent vainqueur d&rsquo;\u00e9tape sur le Tour d&rsquo;Espagne. Il accompagnera donc Julian Alaphilippe (Quick Step Floors), Romain Bardet (AG2R-La Mondiale), Thibaut Pinot (Groupama-FDJ), Rudy Molard (Groupama-FDJ), Pierre Rolland (EF Education First), Tony Gallopin (AG2R-La Mondiale) et Anthony Roux (Groupama-FDJ).<\/p>\n<p style=\"text-align: justify;\"><em>\u00ab\u00a0Mon choix s\u2019est port\u00e9 sur Alexandre Geniez et je l\u2019ai choisi justement du fait qu\u2019il a disput\u00e9 la Vuelta<\/em>, a expliqu\u00e9 Guimard. <em>C\u2019est le bloc de travail de trois semaines repr\u00e9sent\u00e9 sur cette \u00e9preuve qui a fait la diff\u00e9rence \u00e0 mes yeux par rapport \u00e0 Warren Barguil, Guillaume Martin et Alexis Vuillermoz, lesquels \u00e9taient \u00e9galement en balance pour l\u2019attribution de cette 8<sup>e<\/sup>\u00a0place. Le Tour d\u2019Espagne, et la prestation d\u2019Alexandre Geniez sur cette comp\u00e9tition, c\u2019est le constat sur lequel je peux m\u2019appuyer. Les coureurs qui seront dans l\u2019allure sur le circuit du Championnat du Monde Autrichien au caract\u00e8re si exigeant, mis \u00e0 part deux-trois exceptions, sortiront pour la majorit\u00e9 d\u2019entre eux du Tour d\u2019Espagne. Le circuit des Championnats du Monde 2018, en effet, r\u00e9clame \u00e9norm\u00e9ment de foncier.\u00a0\u00bb<\/em><\/p>\n","protected":false},"excerpt":{"rendered":"<p>Les Bleus sont d\u00e9sormais au complet. Il ne manquait plus qu&rsquo;un \u00e9l\u00e9ment dans la s\u00e9lection de Cyrille Guimard pour la course en ligne des championnats du monde d&rsquo;Innsbr\u00fcck. La huiti\u00e8me et derni\u00e8re place a finalement \u00e9t\u00e9 attribu\u00e9e, \u00e0 Alexandre Geniez (AG2R-La Mondiale), r\u00e9cent vainqueur d&rsquo;\u00e9tape sur le Tour d&rsquo;Espagne. Il accompagnera donc Julian Alaphilippe (Quick &hellip;<\/p>\n","protected":false},"author":5,"featured_media":90023,"comment_status":"open","ping_status":"open","sticky":false,"template":"","format":"standard","meta":{"footnotes":""},"categories":[17,240,26,15],"tags":[],"class_list":["post-91942","post","type-post","status-publish","format-standard","has-post-thumbnail","hentry","category-une","category-championnats-du-monde-2018","category-compositions","category-route"],"_links":{"self":[{"href":"https:\/\/cyclingpro.net\/velopro\/wp-json\/wp\/v2\/posts\/91942","targetHints":{"allow":["GET"]}}],"collection":[{"href":"https:\/\/cyclingpro.net\/velopro\/wp-json\/wp\/v2\/posts"}],"about":[{"href":"https:\/\/cyclingpro.net\/velopro\/wp-json\/wp\/v2\/types\/post"}],"author":[{"embeddable":true,"href":"https:\/\/cyclingpro.net\/velopro\/wp-json\/wp\/v2\/users\/5"}],"replies":[{"embeddable":true,"href":"https:\/\/cyclingpro.net\/velopro\/wp-json\/wp\/v2\/comments?post=91942"}],"version-history":[{"count":0,"href":"https:\/\/cyclingpro.net\/velopro\/wp-json\/wp\/v2\/posts\/91942\/revisions"}],"wp:featuredmedia":[{"embeddable":true,"href":"https:\/\/cyclingpro.net\/velopro\/wp-json\/wp\/v2\/media\/90023"}],"wp:attachment":[{"href":"https:\/\/cyclingpro.net\/velopro\/wp-json\/wp\/v2\/media?parent=91942"}],"wp:term":[{"taxonomy":"category","embeddable":true,"href":"https:\/\/cyclingpro.net\/velopro\/wp-json\/wp\/v2\/categories?post=91942"},{"taxonomy":"post_tag","embeddable":true,"href":"https:\/\/cyclingpro.net\/velopro\/wp-json\/wp\/v2\/tags?post=91942"}],"curies":[{"name":"wp","href":"https:\/\/api.w.org\/{rel}","templated":true}]}}