{"id":91939,"date":"2018-09-20T15:00:34","date_gmt":"2018-09-20T13:00:34","guid":{"rendered":"https:\/\/cyclingpro.net\/velopro\/?p=91939"},"modified":"2018-09-20T15:00:34","modified_gmt":"2018-09-20T13:00:34","slug":"mondiaux-2020-la-candidature-italienne-ecartee","status":"publish","type":"post","link":"https:\/\/cyclingpro.net\/velopro\/course\/championnat-du-monde\/mondiaux-2020-la-candidature-italienne-ecartee\/","title":{"rendered":"Mondiaux 2020 : La candidature italienne \u00e9cart\u00e9e"},"content":{"rendered":"<p style=\"text-align: justify;\">O\u00f9 auront donc lieu les championnats du monde en 2020 ? Encore la proie de candidatures n\u00e9erlandaises et italiennes il y a quelques mois, l&rsquo;\u00e9v\u00e8nement n&rsquo;a aujourd&rsquo;hui aucun point d&rsquo;ancrage. En juin, c&rsquo;est d&rsquo;abord les provinces de Groningen et Drenthe qui s&rsquo;\u00e9taient r\u00e9tract\u00e9es, faute de fonds n\u00e9cessaires. Ce jeudi, on apprend que la candidature de Veneto-Vincenzo est d\u00e9sormais hors course \u00e0 son tour. Pourtant, le gouvernement italien vient &#8211; enfin &#8211; d&rsquo;apporter les garanties financi\u00e8res, apr\u00e8s de nombreuses semaines de discussions et d&rsquo;h\u00e9sitations. L&rsquo;Union Cycliste Internationale a longtemps attendu des signaux positifs de la candidature transalpine, et a m\u00eame octroy\u00e9 plusieurs d\u00e9lais et d\u00e9rogations, mais la date butoir semble avoir \u00e9t\u00e9 atteinte.<\/p>\n<p style=\"text-align: justify;\"><em>\u00ab\u00a0Je confirme que le gouvernement avait, il y a dix jours au plus tard, l&rsquo;intention de\u00a0garantir 2,5 millions d&rsquo;euros suppl\u00e9mentaires pour l&rsquo;organisation des\u00a0Championnats\u00a0du\u00a0monde de cyclisme 2020 \u00e0 Vicenza, <\/em>a m\u00eame d\u00e9clar\u00e9\u00a0Cristiano Corazzari, parmi les porteurs du projet.<em>\u00a0Malgr\u00e9 cette volont\u00e9 du gouvernement, qui s&rsquo;ajoutait aux premiers fonds allou\u00e9s, la F\u00e9d\u00e9ration Italienne de cyclisme a re\u00e7u la r\u00e9ponse que\u00a0les garanties \u00e9taient arriv\u00e9es au-del\u00e0 du d\u00e9lai\u00a0fix\u00e9\u00a0\u00bb.\u00a0<\/em>L&rsquo;Italie devra donc attendre un peu plus longtemps pour esp\u00e9rer accueillir les Mondiaux et donner une succession \u00e0 Florence (2013). En attendant, l&rsquo;UCI pourrait octroyer les Mondiaux 2020 \u00e0 &#8230; Aigle, o\u00f9 son si\u00e8ge est bas\u00e9. La commune helv\u00e9tique \u00e9tait d&rsquo;abord candidate pour 2021 mais les difficult\u00e9s rencontr\u00e9es r\u00e9cemment concernant l&rsquo;organisation des championnats du monde 2020 pourraient conduire Aigle \u00e0 accueillir l&rsquo;\u00e9v\u00e8nement plus t\u00f4t que pr\u00e9vu.<\/p>\n","protected":false},"excerpt":{"rendered":"<p>O\u00f9 auront donc lieu les championnats du monde en 2020 ? Encore la proie de candidatures n\u00e9erlandaises et italiennes il y a quelques mois, l&rsquo;\u00e9v\u00e8nement n&rsquo;a aujourd&rsquo;hui aucun point d&rsquo;ancrage. En juin, c&rsquo;est d&rsquo;abord les provinces de Groningen et Drenthe qui s&rsquo;\u00e9taient r\u00e9tract\u00e9es, faute de fonds n\u00e9cessaires. Ce jeudi, on apprend que la candidature de &hellip;<\/p>\n","protected":false},"author":5,"featured_media":91940,"comment_status":"open","ping_status":"open","sticky":false,"template":"","format":"standard","meta":{"footnotes":""},"categories":[11,225,25,15],"tags":[],"class_list":["post-91939","post","type-post","status-publish","format-standard","has-post-thumbnail","hentry","category-news-niveau-2","category-championnat-du-monde","category-news","category-route"],"_links":{"self":[{"href":"https:\/\/cyclingpro.net\/velopro\/wp-json\/wp\/v2\/posts\/91939","targetHints":{"allow":["GET"]}}],"collection":[{"href":"https:\/\/cyclingpro.net\/velopro\/wp-json\/wp\/v2\/posts"}],"about":[{"href":"https:\/\/cyclingpro.net\/velopro\/wp-json\/wp\/v2\/types\/post"}],"author":[{"embeddable":true,"href":"https:\/\/cyclingpro.net\/velopro\/wp-json\/wp\/v2\/users\/5"}],"replies":[{"embeddable":true,"href":"https:\/\/cyclingpro.net\/velopro\/wp-json\/wp\/v2\/comments?post=91939"}],"version-history":[{"count":0,"href":"https:\/\/cyclingpro.net\/velopro\/wp-json\/wp\/v2\/posts\/91939\/revisions"}],"wp:featuredmedia":[{"embeddable":true,"href":"https:\/\/cyclingpro.net\/velopro\/wp-json\/wp\/v2\/media\/91940"}],"wp:attachment":[{"href":"https:\/\/cyclingpro.net\/velopro\/wp-json\/wp\/v2\/media?parent=91939"}],"wp:term":[{"taxonomy":"category","embeddable":true,"href":"https:\/\/cyclingpro.net\/velopro\/wp-json\/wp\/v2\/categories?post=91939"},{"taxonomy":"post_tag","embeddable":true,"href":"https:\/\/cyclingpro.net\/velopro\/wp-json\/wp\/v2\/tags?post=91939"}],"curies":[{"name":"wp","href":"https:\/\/api.w.org\/{rel}","templated":true}]}}