{"id":91936,"date":"2018-09-20T13:42:31","date_gmt":"2018-09-20T11:42:31","guid":{"rendered":"https:\/\/cyclingpro.net\/velopro\/?p=91936"},"modified":"2018-09-20T13:43:26","modified_gmt":"2018-09-20T11:43:26","slug":"mondiaux-clm-par-equipes-une-belle-armada-chez-sky","status":"publish","type":"post","link":"https:\/\/cyclingpro.net\/velopro\/championnats-du-monde-2018\/mondiaux-clm-par-equipes-une-belle-armada-chez-sky\/","title":{"rendered":"Mondiaux &#8211; CLM par \u00e9quipes : Une belle armada chez Sky"},"content":{"rendered":"<p style=\"text-align: justify;\">C&rsquo;est sans ses deux vainqueurs de Grand Tour, Chris Froome et Geraint Thomas, que la formation Sky d\u00e9fendra ses chances ce dimanche lors du championnat du monde du contre-la-montre par \u00e9quipes. Pour autant, l&rsquo;\u00e9curie britannique pr\u00e9sentera une bien belle armada, comprenant le champion d&rsquo;Espagne Jonathan Castroviejo, le champion de Pologne Michal Kwiatkowski, le champion d&rsquo;Italie Gianni Moscon et le champion de Bi\u00e9lorussie Vasil Kiryienka. \u00c0 ce tr\u00e8s solide quatuor viendront s&rsquo;ajouter le robuste Ian Stannard et l&rsquo;ancien pistard Owain Doull.<\/p>\n<p style=\"text-align: justify;\">La saison derni\u00e8re, la Sky s&rsquo;\u00e9tait adjug\u00e9e la m\u00e9daille de bronze. Doull, Kiryienka, Kwiatkowski et Moscon \u00e9taient d\u00e9j\u00e0 pr\u00e9sents, aux c\u00f4t\u00e9s de Froome et Thomas.<\/p>\n<blockquote class=\"twitter-tweet\" data-lang=\"fr\">\n<p dir=\"ltr\" lang=\"en\">This Sunday the <a href=\"https:\/\/twitter.com\/hashtag\/InnsbruckTirol2018?src=hash&amp;ref_src=twsrc%5Etfw\">#InnsbruckTirol2018<\/a> World Championships get under way with the team time trial. Here&rsquo;s our lineup for the 62.8km event<a href=\"https:\/\/twitter.com\/jcastroviejo?ref_src=twsrc%5Etfw\">@jcastroviejo<\/a> <a href=\"https:\/\/twitter.com\/owaindoull?ref_src=twsrc%5Etfw\">@owaindoull<\/a><br \/>\nVasil Kiryienka<a href=\"https:\/\/twitter.com\/kwiato?ref_src=twsrc%5Etfw\">@kwiato<\/a> <a href=\"https:\/\/twitter.com\/GianniMoscon?ref_src=twsrc%5Etfw\">@GianniMoscon<\/a> <a href=\"https:\/\/twitter.com\/IStannard?ref_src=twsrc%5Etfw\">@IStannard<\/a> <a href=\"https:\/\/t.co\/x25WfODZhY\">pic.twitter.com\/x25WfODZhY<\/a><\/p>\n<p>\u2014 Team Sky (@TeamSky) <a href=\"https:\/\/twitter.com\/TeamSky\/status\/1042728604751339520?ref_src=twsrc%5Etfw\">20 septembre 2018<\/a><\/p><\/blockquote>\n<p><script async src=\"https:\/\/platform.twitter.com\/widgets.js\" charset=\"utf-8\"><\/script><\/p>\n","protected":false},"excerpt":{"rendered":"<p>C&rsquo;est sans ses deux vainqueurs de Grand Tour, Chris Froome et Geraint Thomas, que la formation Sky d\u00e9fendra ses chances ce dimanche lors du championnat du monde du contre-la-montre par \u00e9quipes. Pour autant, l&rsquo;\u00e9curie britannique pr\u00e9sentera une bien belle armada, comprenant le champion d&rsquo;Espagne Jonathan Castroviejo, le champion de Pologne Michal Kwiatkowski, le champion d&rsquo;Italie &hellip;<\/p>\n","protected":false},"author":5,"featured_media":77991,"comment_status":"open","ping_status":"open","sticky":false,"template":"","format":"standard","meta":{"footnotes":""},"categories":[11,240,26,15],"tags":[],"class_list":["post-91936","post","type-post","status-publish","format-standard","has-post-thumbnail","hentry","category-news-niveau-2","category-championnats-du-monde-2018","category-compositions","category-route"],"_links":{"self":[{"href":"https:\/\/cyclingpro.net\/velopro\/wp-json\/wp\/v2\/posts\/91936","targetHints":{"allow":["GET"]}}],"collection":[{"href":"https:\/\/cyclingpro.net\/velopro\/wp-json\/wp\/v2\/posts"}],"about":[{"href":"https:\/\/cyclingpro.net\/velopro\/wp-json\/wp\/v2\/types\/post"}],"author":[{"embeddable":true,"href":"https:\/\/cyclingpro.net\/velopro\/wp-json\/wp\/v2\/users\/5"}],"replies":[{"embeddable":true,"href":"https:\/\/cyclingpro.net\/velopro\/wp-json\/wp\/v2\/comments?post=91936"}],"version-history":[{"count":0,"href":"https:\/\/cyclingpro.net\/velopro\/wp-json\/wp\/v2\/posts\/91936\/revisions"}],"wp:featuredmedia":[{"embeddable":true,"href":"https:\/\/cyclingpro.net\/velopro\/wp-json\/wp\/v2\/media\/77991"}],"wp:attachment":[{"href":"https:\/\/cyclingpro.net\/velopro\/wp-json\/wp\/v2\/media?parent=91936"}],"wp:term":[{"taxonomy":"category","embeddable":true,"href":"https:\/\/cyclingpro.net\/velopro\/wp-json\/wp\/v2\/categories?post=91936"},{"taxonomy":"post_tag","embeddable":true,"href":"https:\/\/cyclingpro.net\/velopro\/wp-json\/wp\/v2\/tags?post=91936"}],"curies":[{"name":"wp","href":"https:\/\/api.w.org\/{rel}","templated":true}]}}