{"id":91932,"date":"2018-09-20T12:34:08","date_gmt":"2018-09-20T10:34:08","guid":{"rendered":"https:\/\/cyclingpro.net\/velopro\/?p=91932"},"modified":"2018-09-20T12:51:16","modified_gmt":"2018-09-20T10:51:16","slug":"nikolas-maes-poursuit-deux-ans-chez-lotto-soudal","status":"publish","type":"post","link":"https:\/\/cyclingpro.net\/velopro\/mercato\/nikolas-maes-poursuit-deux-ans-chez-lotto-soudal\/","title":{"rendered":"Nikolas Maes poursuit deux ans chez Lotto-Soudal"},"content":{"rendered":"<p style=\"text-align: justify;\">Arriv\u00e9 la saison pass\u00e9e chez Lotto-Soudal apr\u00e8s un sept ann\u00e9es chez Quick Step, Nikolas Maes va poursuivre l&rsquo;aventure au sein de la structure dirig\u00e9e par Marc Sergeant. Solide \u00e9quipier aupr\u00e8s des leaders de l&rsquo;\u00e9curie belge, l&rsquo;ancien laur\u00e9at de la World Ports Classic &#8211; en 2013 &#8211; a peu brill\u00e9 sur le plan individuel ces deux derni\u00e8res saisons. Il s&rsquo;est malgr\u00e9 tout class\u00e9 6\u00e8me d&rsquo;\u00c0 Travers le Hageland en juin dernier.<\/p>\n<div class=\"paragraphs-items paragraphs-items-field-content paragraphs-items-field-content-full paragraphs-items-full\">\n<div class=\"field field-name-field-content field-type-paragraphs field-label-hidden\">\n<div class=\"field-items\">\n<div class=\"field-item even\">\n<section class=\"text-block\">\n<div class=\"row\">\n<div class=\"col-sm-10 col-sm-offset-1 col-lg-7\">\n<p style=\"text-align: justify;\"><em>\u00a0\u00ab\u00a0Je me sens bien au sein de cette \u00e9quipe, aussi bien sur le plan sportif que personnel et je voulais resigner,<\/em> a-t-il d\u00e9clar\u00e9. <em>Au sein de cette \u00e9quipe, je peux pleinement jouer mon r\u00f4le. Les leaders savent ce qu&rsquo;ils peuvent attendre de ma part. Mon challenge personnel est de disputer les grandes \u00e9preuves avec des leaders comme Tiesj Benoot ou Tim Wellens qui visent la victoire. Lorsque vous d\u00e9crochez un bon r\u00e9sultat dans ces \u00e9preuves, cela me donne pleine satisfaction. Je peux autant profiter de la victoire d&rsquo;un \u00e9quipier lors d&rsquo;une grande \u00e9preuve que si je gagnais moi-m\u00eame une petite course. Je me sens \u00e9galement bien en tant que personne au sein de cette \u00e9quipe. Je forme une bonne bande avec mes \u00e9quipiers et je peux y \u00eatre moi-m\u00eame. Ce sont des facteurs importants \u00e9tant donn\u00e9 que l&rsquo;on est souvent \u00e9loign\u00e9 de la maison en tant que cycliste.\u00a0\u00bb<\/em><\/p>\n<\/div>\n<\/div>\n<\/section>\n<\/div>\n<\/div>\n<\/div>\n<\/div>\n<div class=\"social-share clearfix\">\n<div class=\"col-sm-5 col-sm-offset-1\"><\/div>\n<\/div>\n","protected":false},"excerpt":{"rendered":"<p>Arriv\u00e9 la saison pass\u00e9e chez Lotto-Soudal apr\u00e8s un sept ann\u00e9es chez Quick Step, Nikolas Maes va poursuivre l&rsquo;aventure au sein de la structure dirig\u00e9e par Marc Sergeant. Solide \u00e9quipier aupr\u00e8s des leaders de l&rsquo;\u00e9curie belge, l&rsquo;ancien laur\u00e9at de la World Ports Classic &#8211; en 2013 &#8211; a peu brill\u00e9 sur le plan individuel ces deux &hellip;<\/p>\n","protected":false},"author":5,"featured_media":91934,"comment_status":"open","ping_status":"open","sticky":false,"template":"","format":"standard","meta":{"footnotes":""},"categories":[11,15,10],"tags":[],"class_list":["post-91932","post","type-post","status-publish","format-standard","has-post-thumbnail","hentry","category-news-niveau-2","category-route","category-mercato"],"_links":{"self":[{"href":"https:\/\/cyclingpro.net\/velopro\/wp-json\/wp\/v2\/posts\/91932","targetHints":{"allow":["GET"]}}],"collection":[{"href":"https:\/\/cyclingpro.net\/velopro\/wp-json\/wp\/v2\/posts"}],"about":[{"href":"https:\/\/cyclingpro.net\/velopro\/wp-json\/wp\/v2\/types\/post"}],"author":[{"embeddable":true,"href":"https:\/\/cyclingpro.net\/velopro\/wp-json\/wp\/v2\/users\/5"}],"replies":[{"embeddable":true,"href":"https:\/\/cyclingpro.net\/velopro\/wp-json\/wp\/v2\/comments?post=91932"}],"version-history":[{"count":0,"href":"https:\/\/cyclingpro.net\/velopro\/wp-json\/wp\/v2\/posts\/91932\/revisions"}],"wp:featuredmedia":[{"embeddable":true,"href":"https:\/\/cyclingpro.net\/velopro\/wp-json\/wp\/v2\/media\/91934"}],"wp:attachment":[{"href":"https:\/\/cyclingpro.net\/velopro\/wp-json\/wp\/v2\/media?parent=91932"}],"wp:term":[{"taxonomy":"category","embeddable":true,"href":"https:\/\/cyclingpro.net\/velopro\/wp-json\/wp\/v2\/categories?post=91932"},{"taxonomy":"post_tag","embeddable":true,"href":"https:\/\/cyclingpro.net\/velopro\/wp-json\/wp\/v2\/tags?post=91932"}],"curies":[{"name":"wp","href":"https:\/\/api.w.org\/{rel}","templated":true}]}}