{"id":91928,"date":"2018-09-20T11:51:08","date_gmt":"2018-09-20T09:51:08","guid":{"rendered":"https:\/\/cyclingpro.net\/velopro\/?p=91928"},"modified":"2018-09-20T11:57:30","modified_gmt":"2018-09-20T09:57:30","slug":"mondiaux-clm-par-equipes-quick-step-floors-avec-une-equipe-rajeunie","status":"publish","type":"post","link":"https:\/\/cyclingpro.net\/velopro\/championnats-du-monde-2018\/mondiaux-clm-par-equipes-quick-step-floors-avec-une-equipe-rajeunie\/","title":{"rendered":"Mondiaux &#8211; CLM par \u00e9quipes : Quick Step Floors avec une \u00e9quipe rajeunie"},"content":{"rendered":"<p style=\"text-align: justify;\">Pour la derni\u00e8re \u00e9dition du championnat du monde du contre-la-montre par \u00e9quipes &#8211; avant une \u00e9ventuelle r\u00e9introduction dans quelques ann\u00e9es -, la formation Quick Step Floors se verrait bien reconqu\u00e9rir son titre. Sacr\u00e9e \u00e0 trois reprises depuis 2012, date de la premi\u00e8re organisation, les hommes de Patrick Lef\u00e9v\u00e8re se sont affirm\u00e9s comme de r\u00e9els sp\u00e9cialistes ces derni\u00e8res ann\u00e9es. Ils n&rsquo;ont d&rsquo;ailleurs rat\u00e9 le podium de l&rsquo;\u00e9v\u00e8nement qu&rsquo;une seule fois en six ans, c&rsquo;\u00e9tait l&rsquo;an pass\u00e9 \u00e0 Bergen.<\/p>\n<p style=\"text-align: justify;\">Pour tenter de retrouver les sommets, l&rsquo;\u00e9curie belge comptera sur trois coureurs pr\u00e9sents lors du dernier titre : Yves Lampaert, Bob Jungels et Niki Terpstra. \u00c0 ce trio redoutable, il conviendra d&rsquo;ajouter trois jeunes coureurs : Maximilian Schachmann, troisi\u00e8me du championnat d&rsquo;Europe du contre-la-montre, Kasper Asgreen, ancien champion d&rsquo;Europe Espoirs de la sp\u00e9cialit\u00e9 et relativement \u00e0 l&rsquo;aise dans cet exercie sur la derni\u00e8re Vuelta, ainsi que Laurens De Plus, 8e du chrono individuel lors du Tour d&rsquo;Espagne.<\/p>\n<div class=\"homepage-content-wrap\">\n<div class=\"tlid-source-target main-header small-font long-text\">\n<div class=\"source-target-row\">\n<div class=\"tlid-result result-dict-wrapper\">\n<div class=\"result\">\n<div class=\"text-wrap\">\n<div class=\"result-shield-container\" style=\"text-align: justify;\"><span class=\"tlid-translation translation\"><em><span title=\"\">\u201cLe championnat du monde du contre-la-montre par \u00e9quipes est un \u00e9v\u00e8nement qui compte beaucoup pour Quick-Step Floors, nous l\u2019avons remport\u00e9 trois fois et nous avons toujours \u00e9t\u00e9 parmi les meilleurs. Nous esp\u00e9rons bien finir, avec un bon r\u00e9sultat, pour cette\u00a0<\/span><\/em><span title=\"\"><em>derni\u00e8re \u00e9dition avec les \u00e9quipes de marques, m\u00eame si nous savons que cela ne sera pas simple,<\/em> a d\u00e9clar\u00e9 Tom Steels, ma\u00eetre d&rsquo;oeuvre de la discipline chez Quick Step Floors.\u00a0<\/span><em><span class=\"\" title=\"\">Nous avons un groupe solide de coureurs qui consid\u00e8rent ce rendez-vous comme l\u2019un des plus importants de la saison et sont pr\u00eats \u00e0 tout donner.<\/span> <span class=\"\" title=\"\">Il est dommage que le contre-la-montre par \u00e9quipes de marque touche \u00e0 sa fin, mais nous sommes motiv\u00e9s pour cette derni\u00e8re \u00e9dition et nous visons le meilleur r\u00e9sultat possible.\u00a0\u00bb<\/span><\/em><\/span><\/div>\n<\/div>\n<\/div>\n<\/div>\n<\/div>\n<\/div>\n<\/div>\n","protected":false},"excerpt":{"rendered":"<p>Pour la derni\u00e8re \u00e9dition du championnat du monde du contre-la-montre par \u00e9quipes &#8211; avant une \u00e9ventuelle r\u00e9introduction dans quelques ann\u00e9es -, la formation Quick Step Floors se verrait bien reconqu\u00e9rir son titre. Sacr\u00e9e \u00e0 trois reprises depuis 2012, date de la premi\u00e8re organisation, les hommes de Patrick Lef\u00e9v\u00e8re se sont affirm\u00e9s comme de r\u00e9els sp\u00e9cialistes &hellip;<\/p>\n","protected":false},"author":5,"featured_media":91931,"comment_status":"open","ping_status":"open","sticky":false,"template":"","format":"standard","meta":{"footnotes":""},"categories":[11,240,26,15],"tags":[],"class_list":["post-91928","post","type-post","status-publish","format-standard","has-post-thumbnail","hentry","category-news-niveau-2","category-championnats-du-monde-2018","category-compositions","category-route"],"_links":{"self":[{"href":"https:\/\/cyclingpro.net\/velopro\/wp-json\/wp\/v2\/posts\/91928","targetHints":{"allow":["GET"]}}],"collection":[{"href":"https:\/\/cyclingpro.net\/velopro\/wp-json\/wp\/v2\/posts"}],"about":[{"href":"https:\/\/cyclingpro.net\/velopro\/wp-json\/wp\/v2\/types\/post"}],"author":[{"embeddable":true,"href":"https:\/\/cyclingpro.net\/velopro\/wp-json\/wp\/v2\/users\/5"}],"replies":[{"embeddable":true,"href":"https:\/\/cyclingpro.net\/velopro\/wp-json\/wp\/v2\/comments?post=91928"}],"version-history":[{"count":0,"href":"https:\/\/cyclingpro.net\/velopro\/wp-json\/wp\/v2\/posts\/91928\/revisions"}],"wp:featuredmedia":[{"embeddable":true,"href":"https:\/\/cyclingpro.net\/velopro\/wp-json\/wp\/v2\/media\/91931"}],"wp:attachment":[{"href":"https:\/\/cyclingpro.net\/velopro\/wp-json\/wp\/v2\/media?parent=91928"}],"wp:term":[{"taxonomy":"category","embeddable":true,"href":"https:\/\/cyclingpro.net\/velopro\/wp-json\/wp\/v2\/categories?post=91928"},{"taxonomy":"post_tag","embeddable":true,"href":"https:\/\/cyclingpro.net\/velopro\/wp-json\/wp\/v2\/tags?post=91928"}],"curies":[{"name":"wp","href":"https:\/\/api.w.org\/{rel}","templated":true}]}}