{"id":91926,"date":"2018-09-20T11:31:56","date_gmt":"2018-09-20T09:31:56","guid":{"rendered":"https:\/\/cyclingpro.net\/velopro\/?p=91926"},"modified":"2018-09-20T11:39:24","modified_gmt":"2018-09-20T09:39:24","slug":"mondiaux-clm-par-equipes-le-groupe-astana-devoile","status":"publish","type":"post","link":"https:\/\/cyclingpro.net\/velopro\/championnats-du-monde-2018\/mondiaux-clm-par-equipes-le-groupe-astana-devoile\/","title":{"rendered":"Mondiaux &#8211; CLM par \u00e9quipes : Le groupe Astana d\u00e9voil\u00e9"},"content":{"rendered":"<p style=\"text-align: justify;\">Astana ne partira clairement pas favorite pour le contre-la-montre par \u00e9quipes des prochains championnats du monde, \u00e0 Innsbr\u00fcck. Sans grand sp\u00e9cialiste de l&rsquo;exercice au d\u00e9part, la formation kazakhe tentera simplement de faire bonne figure pour la derni\u00e8re tenue de cet \u00e9v\u00e8nement. Les coureurs s\u00e9lectionn\u00e9s par Alexandr Vinokourov et son staff sont Alexey Lutsenko, Andriy Grivko, Hugo Houle, Tanel Kangert ainsi que les Danois Magnus Cort Nielsen et Michael Valgren.<\/p>\n<blockquote class=\"twitter-tweet\" data-lang=\"fr\">\n<p dir=\"ltr\" lang=\"en\">Our team for TTT in <a href=\"https:\/\/twitter.com\/ibk_tirol2018?ref_src=twsrc%5Etfw\">@ibk_tirol2018<\/a>:<a href=\"https:\/\/twitter.com\/andrei_007?ref_src=twsrc%5Etfw\">@andrei_007<\/a> <a href=\"https:\/\/twitter.com\/MagnusCort?ref_src=twsrc%5Etfw\">@MagnusCort<\/a> <a href=\"https:\/\/twitter.com\/AlexeyLutsenko3?ref_src=twsrc%5Etfw\">@AlexeyLutsenko3<\/a> <a href=\"https:\/\/twitter.com\/HugoHoule?ref_src=twsrc%5Etfw\">@HugoHoule<\/a><br \/>\nTanel Kangert<a href=\"https:\/\/twitter.com\/MichaelValgren?ref_src=twsrc%5Etfw\">@MichaelValgren<\/a> <a href=\"https:\/\/twitter.com\/hashtag\/InnsbruckTirol2018?src=hash&amp;ref_src=twsrc%5Etfw\">#InnsbruckTirol2018<\/a> <a href=\"https:\/\/twitter.com\/hashtag\/AstanaProTeam?src=hash&amp;ref_src=twsrc%5Etfw\">#AstanaProTeam<\/a><a href=\"https:\/\/twitter.com\/hashtag\/AlgaAstana?src=hash&amp;ref_src=twsrc%5Etfw\">#AlgaAstana<\/a> <a href=\"https:\/\/t.co\/qoRpAKeiqP\">pic.twitter.com\/qoRpAKeiqP<\/a><\/p>\n<p>\u2014 Astana Pro Team (@AstanaTeam) <a href=\"https:\/\/twitter.com\/AstanaTeam\/status\/1042702288182276097?ref_src=twsrc%5Etfw\">20 septembre 2018<\/a><\/p><\/blockquote>\n<p><script async src=\"https:\/\/platform.twitter.com\/widgets.js\" charset=\"utf-8\"><\/script><\/p>\n","protected":false},"excerpt":{"rendered":"<p>Astana ne partira clairement pas favorite pour le contre-la-montre par \u00e9quipes des prochains championnats du monde, \u00e0 Innsbr\u00fcck. Sans grand sp\u00e9cialiste de l&rsquo;exercice au d\u00e9part, la formation kazakhe tentera simplement de faire bonne figure pour la derni\u00e8re tenue de cet \u00e9v\u00e8nement. Les coureurs s\u00e9lectionn\u00e9s par Alexandr Vinokourov et son staff sont Alexey Lutsenko, Andriy Grivko, &hellip;<\/p>\n","protected":false},"author":5,"featured_media":91929,"comment_status":"open","ping_status":"open","sticky":false,"template":"","format":"standard","meta":{"footnotes":""},"categories":[11,240,26,15],"tags":[],"class_list":["post-91926","post","type-post","status-publish","format-standard","has-post-thumbnail","hentry","category-news-niveau-2","category-championnats-du-monde-2018","category-compositions","category-route"],"_links":{"self":[{"href":"https:\/\/cyclingpro.net\/velopro\/wp-json\/wp\/v2\/posts\/91926","targetHints":{"allow":["GET"]}}],"collection":[{"href":"https:\/\/cyclingpro.net\/velopro\/wp-json\/wp\/v2\/posts"}],"about":[{"href":"https:\/\/cyclingpro.net\/velopro\/wp-json\/wp\/v2\/types\/post"}],"author":[{"embeddable":true,"href":"https:\/\/cyclingpro.net\/velopro\/wp-json\/wp\/v2\/users\/5"}],"replies":[{"embeddable":true,"href":"https:\/\/cyclingpro.net\/velopro\/wp-json\/wp\/v2\/comments?post=91926"}],"version-history":[{"count":0,"href":"https:\/\/cyclingpro.net\/velopro\/wp-json\/wp\/v2\/posts\/91926\/revisions"}],"wp:featuredmedia":[{"embeddable":true,"href":"https:\/\/cyclingpro.net\/velopro\/wp-json\/wp\/v2\/media\/91929"}],"wp:attachment":[{"href":"https:\/\/cyclingpro.net\/velopro\/wp-json\/wp\/v2\/media?parent=91926"}],"wp:term":[{"taxonomy":"category","embeddable":true,"href":"https:\/\/cyclingpro.net\/velopro\/wp-json\/wp\/v2\/categories?post=91926"},{"taxonomy":"post_tag","embeddable":true,"href":"https:\/\/cyclingpro.net\/velopro\/wp-json\/wp\/v2\/tags?post=91926"}],"curies":[{"name":"wp","href":"https:\/\/api.w.org\/{rel}","templated":true}]}}