{"id":91889,"date":"2018-09-19T17:49:01","date_gmt":"2018-09-19T15:49:01","guid":{"rendered":"https:\/\/cyclingpro.net\/velopro\/?p=91889"},"modified":"2018-09-19T17:54:32","modified_gmt":"2018-09-19T15:54:32","slug":"svein-tuft-joue-les-prolongations-avec-rally-cycling","status":"publish","type":"post","link":"https:\/\/cyclingpro.net\/velopro\/mercato\/svein-tuft-joue-les-prolongations-avec-rally-cycling\/","title":{"rendered":"Svein Tuft joue les prolongations avec Rally Cycling"},"content":{"rendered":"<p style=\"text-align: justify;\">Il y a quelques mois, Svein Tuft semblait d\u00e9cid\u00e9 \u00e0 mettre un terme \u00e0 sa carri\u00e8re sportive \u00e0 l&rsquo;issue de cette saison 2018. Les dirigeants de Rally Cycling sont parvenus \u00e0 l&rsquo;en dissuader. Le Canadien de 41 ans, onze fois champion national du contre-la-montre, a en effet accept\u00e9 de rempiler pour une ann\u00e9e suppl\u00e9mentaire en signant avec l&rsquo;\u00e9quipe am\u00e9ricaine. Professionnel depuis 2002 et soci\u00e9taire de la structure Mitchelton-Scott depuis sa cr\u00e9ation en 2012, Svein Tuft se lance un dernier challenge avant de refermer d\u00e9finitivement ce chapitre de sa vie.<\/p>\n<p style=\"text-align: justify;\"><span title=\"\"><em>\u00ab\u00a0L&rsquo;opportunit\u00e9 de rouler pour une \u00e9quipe nord-am\u00e9ricaine avec un groupe de Canadiens s&rsquo;est pr\u00e9sent\u00e9e gr\u00e2ce \u00e0 Rally Cycling, et je ne pouvais pas refuser,<\/em> a livr\u00e9 le v\u00e9t\u00e9ran dans un communiqu\u00e9.\u00a0<\/span><em><span class=\"\" title=\"\">Partager tout ce que j&rsquo;ai appris est ce qui me motive d\u00e9sormais, et je ne pouvais pas imaginer une meilleure \u00e9quipe pour le mettre en pratique. Un des aspects que j&rsquo;ai vraiment appr\u00e9ci\u00e9 dans mon \u00e9quipe actuelle, Michelton-Scott, c&rsquo;est d&rsquo;avoir pu partager mes<\/span><span class=\"\" title=\"\">\u00a0ann\u00e9es d\u2019exp\u00e9rience avec les plus jeunes. La possibilit\u00e9 de le faire avec mes compatriotes nord-am\u00e9ricains qui ont r\u00e9cemment atterri en Europe m&rsquo;a beaucoup plu.\u00a0\u00bb<\/span><\/em><\/p>\n","protected":false},"excerpt":{"rendered":"<p>Il y a quelques mois, Svein Tuft semblait d\u00e9cid\u00e9 \u00e0 mettre un terme \u00e0 sa carri\u00e8re sportive \u00e0 l&rsquo;issue de cette saison 2018. Les dirigeants de Rally Cycling sont parvenus \u00e0 l&rsquo;en dissuader. Le Canadien de 41 ans, onze fois champion national du contre-la-montre, a en effet accept\u00e9 de rempiler pour une ann\u00e9e suppl\u00e9mentaire en &hellip;<\/p>\n","protected":false},"author":5,"featured_media":91891,"comment_status":"open","ping_status":"open","sticky":false,"template":"","format":"standard","meta":{"footnotes":""},"categories":[11,15,10],"tags":[],"class_list":["post-91889","post","type-post","status-publish","format-standard","has-post-thumbnail","hentry","category-news-niveau-2","category-route","category-mercato"],"_links":{"self":[{"href":"https:\/\/cyclingpro.net\/velopro\/wp-json\/wp\/v2\/posts\/91889","targetHints":{"allow":["GET"]}}],"collection":[{"href":"https:\/\/cyclingpro.net\/velopro\/wp-json\/wp\/v2\/posts"}],"about":[{"href":"https:\/\/cyclingpro.net\/velopro\/wp-json\/wp\/v2\/types\/post"}],"author":[{"embeddable":true,"href":"https:\/\/cyclingpro.net\/velopro\/wp-json\/wp\/v2\/users\/5"}],"replies":[{"embeddable":true,"href":"https:\/\/cyclingpro.net\/velopro\/wp-json\/wp\/v2\/comments?post=91889"}],"version-history":[{"count":0,"href":"https:\/\/cyclingpro.net\/velopro\/wp-json\/wp\/v2\/posts\/91889\/revisions"}],"wp:featuredmedia":[{"embeddable":true,"href":"https:\/\/cyclingpro.net\/velopro\/wp-json\/wp\/v2\/media\/91891"}],"wp:attachment":[{"href":"https:\/\/cyclingpro.net\/velopro\/wp-json\/wp\/v2\/media?parent=91889"}],"wp:term":[{"taxonomy":"category","embeddable":true,"href":"https:\/\/cyclingpro.net\/velopro\/wp-json\/wp\/v2\/categories?post=91889"},{"taxonomy":"post_tag","embeddable":true,"href":"https:\/\/cyclingpro.net\/velopro\/wp-json\/wp\/v2\/tags?post=91889"}],"curies":[{"name":"wp","href":"https:\/\/api.w.org\/{rel}","templated":true}]}}