{"id":91371,"date":"2018-09-15T13:37:13","date_gmt":"2018-09-15T11:37:13","guid":{"rendered":"https:\/\/cyclingpro.net\/velopro\/?p=91371"},"modified":"2018-09-15T14:04:08","modified_gmt":"2018-09-15T12:04:08","slug":"kenneth-vanbilsen-prolonge-chez-cofidis","status":"publish","type":"post","link":"https:\/\/cyclingpro.net\/velopro\/mercato\/kenneth-vanbilsen-prolonge-chez-cofidis\/","title":{"rendered":"Kenneth Vanbilsen prolonge chez Cofidis"},"content":{"rendered":"<p>Kenneth Vanbilsen disputera au moins une cinqui\u00e8me saison avec l&rsquo;\u00e9quipe Cofidis. Arriv\u00e9 dans la formation nordiste en 2015, apr\u00e8s deux ans chez Topsport Vlaanderen, le vainqueur du GP La Marseillaise 2014 vient de prolonger son contrat.\u00a0Apr\u00e8s les r\u00e9centes signatures de Damien Touz\u00e9, Filippo Fortin, Zico Waeytens, Marco Mathis et la prolongation de Loic Chetout, l&rsquo;\u00e9quipe Cofidis continue donc d&rsquo;\u00e9toffer son contingent d&rsquo;hommes rapides dans le but d&rsquo;obtenir le meilleur train de sprint possible pour ses deux sprinteurs Nacer Bouhanni et Christophe Laporte.<\/p>\n<p>Cette prolongation arrive comme une r\u00e9compense de son travail d&rsquo;\u00e9quipier pour Vanbilsen.\u00a0\u00ab\u00a0<em>Je suis vraiment content de continuer l\u2019aventure avec l\u2019\u00e9quipe, d&rsquo;autant que pour moi la structure de Cofidis est \u00e0 la hauteur d\u2019une \u00e9quipe du World Tour. En plus, j\u2019adore travailler pour permettre \u00e0 mes leaders de gagner, c&rsquo;est un r\u00e9el plaisir\u00a0<\/em>\u00bb. Engag\u00e9 sur la Vuelta, Vanbilsen \u00e9tait d&rsquo;ailleurs le dernier lanceur de Nacer Bouhanni lors de sa victoire \u00e0 l&rsquo;occasion de la sixi\u00e8me \u00e9tape, comme le souligne C\u00e9dric Vasseur, manager de la formation fran\u00e7aise.\u00a0\u00ab\u00a0<em>Kenneth poss\u00e8de d\u00e9sormais une belle exp\u00e9rience au sein des pelotons internationaux. C\u2019est l\u2019un des \u00e9l\u00e9ments qui a notamment permis \u00e0 Nacer de gagner sur ce Tour d\u2019Espagne. Il est capable de s\u2019illustrer autant dans les classiques que dans les courses par \u00e9tapes et cette polyvalence lui a permis de devenir un des \u00e9l\u00e9ments essentiels chez Cofidis Solutions Cr\u00e9dits.<\/em>\u00bb<\/p>\n<blockquote class=\"twitter-tweet\" data-lang=\"fr\">\n<p dir=\"ltr\" lang=\"fr\">&#x1f58a; <a href=\"https:\/\/twitter.com\/KVanbilsen?ref_src=twsrc%5Etfw\">@KVanbilsen<\/a> prolonge !<\/p>\n<p>Le vainqueur du GP La Marseillaise en 2014 compte bien continuer son remarquable travail dans la pr\u00e9paration des sprints pour ses leaders.<\/p>\n<p>D\u00e9couvrez sa r\u00e9action et celle de <a href=\"https:\/\/twitter.com\/cedvasseur?ref_src=twsrc%5Etfw\">@cedvasseur<\/a> &#x1f449; <a href=\"https:\/\/t.co\/EZP2sV5twc\">https:\/\/t.co\/EZP2sV5twc<\/a><a href=\"https:\/\/twitter.com\/hashtag\/CofidisMyTeam?src=hash&amp;ref_src=twsrc%5Etfw\">#CofidisMyTeam<\/a> <a href=\"https:\/\/t.co\/1pPhBNhZFC\">pic.twitter.com\/1pPhBNhZFC<\/a><\/p>\n<p>\u2014 Team COFIDIS (@TeamCOFIDIS) <a href=\"https:\/\/twitter.com\/TeamCOFIDIS\/status\/1040918149099651073?ref_src=twsrc%5Etfw\">15 septembre 2018<\/a><\/p><\/blockquote>\n<p><script async src=\"https:\/\/platform.twitter.com\/widgets.js\" charset=\"utf-8\"><\/script><\/p>\n","protected":false},"excerpt":{"rendered":"<p>Kenneth Vanbilsen disputera au moins une cinqui\u00e8me saison avec l&rsquo;\u00e9quipe Cofidis. Arriv\u00e9 dans la formation nordiste en 2015, apr\u00e8s deux ans chez Topsport Vlaanderen, le vainqueur du GP La Marseillaise 2014 vient de prolonger son contrat.\u00a0Apr\u00e8s les r\u00e9centes signatures de Damien Touz\u00e9, Filippo Fortin, Zico Waeytens, Marco Mathis et la prolongation de Loic Chetout, l&rsquo;\u00e9quipe &hellip;<\/p>\n","protected":false},"author":11,"featured_media":91376,"comment_status":"open","ping_status":"open","sticky":false,"template":"","format":"standard","meta":{"footnotes":""},"categories":[11,25,15,10],"tags":[],"class_list":["post-91371","post","type-post","status-publish","format-standard","has-post-thumbnail","hentry","category-news-niveau-2","category-news","category-route","category-mercato"],"_links":{"self":[{"href":"https:\/\/cyclingpro.net\/velopro\/wp-json\/wp\/v2\/posts\/91371","targetHints":{"allow":["GET"]}}],"collection":[{"href":"https:\/\/cyclingpro.net\/velopro\/wp-json\/wp\/v2\/posts"}],"about":[{"href":"https:\/\/cyclingpro.net\/velopro\/wp-json\/wp\/v2\/types\/post"}],"author":[{"embeddable":true,"href":"https:\/\/cyclingpro.net\/velopro\/wp-json\/wp\/v2\/users\/11"}],"replies":[{"embeddable":true,"href":"https:\/\/cyclingpro.net\/velopro\/wp-json\/wp\/v2\/comments?post=91371"}],"version-history":[{"count":0,"href":"https:\/\/cyclingpro.net\/velopro\/wp-json\/wp\/v2\/posts\/91371\/revisions"}],"wp:featuredmedia":[{"embeddable":true,"href":"https:\/\/cyclingpro.net\/velopro\/wp-json\/wp\/v2\/media\/91376"}],"wp:attachment":[{"href":"https:\/\/cyclingpro.net\/velopro\/wp-json\/wp\/v2\/media?parent=91371"}],"wp:term":[{"taxonomy":"category","embeddable":true,"href":"https:\/\/cyclingpro.net\/velopro\/wp-json\/wp\/v2\/categories?post=91371"},{"taxonomy":"post_tag","embeddable":true,"href":"https:\/\/cyclingpro.net\/velopro\/wp-json\/wp\/v2\/tags?post=91371"}],"curies":[{"name":"wp","href":"https:\/\/api.w.org\/{rel}","templated":true}]}}