{"id":91355,"date":"2018-09-15T12:37:56","date_gmt":"2018-09-15T10:37:56","guid":{"rendered":"https:\/\/cyclingpro.net\/velopro\/?p=91355"},"modified":"2018-09-15T12:37:56","modified_gmt":"2018-09-15T10:37:56","slug":"sergio-luis-henao-devrait-rejoindre-uae-team-emirates","status":"publish","type":"post","link":"https:\/\/cyclingpro.net\/velopro\/mercato\/sergio-luis-henao-devrait-rejoindre-uae-team-emirates\/","title":{"rendered":"Sergio Luis Henao devrait rejoindre UAE-Team Emirates"},"content":{"rendered":"<p>L&rsquo;aventure de Sergio Luis Henao chez Sky va prendre fin. Pass\u00e9 professionnel en 2012 au sein de l&rsquo;\u00e9quipe britannique, le colombien de 30 ans \u00e9tait l&rsquo;un des plus anciens coureurs de la formation. C&rsquo;est donc au terme de sa septi\u00e8me saison qu&rsquo;il s&rsquo;en ira, pour rejoindre l&rsquo;\u00e9quipe UAE-Team Emirates. Il retrouvera l\u00e0-bas ses compatriotes Darwin Atapuma et Cristian Munoz, en attendant peut \u00eatre son cousin S\u00e9bastian, lui aussi sur le d\u00e9part chez Sky.<\/p>\n<p>Sous les couleurs de la formation britannique, Henao a remport\u00e9 Paris-Nice l&rsquo;an pass\u00e9, termin\u00e9 2e de la Fl\u00e8che Wallone en 2013, et 9e du Giro 2012. Il \u00e9tait \u00e9galement \u00e9quipier de Chris Froome lors de ses succ\u00e8s sur les Tour de France 2016 et 2017, ainsi que sur le Giro 2018.<\/p>\n<p>L&rsquo;actuel champion de Colombie, engag\u00e9 sur la Vuelta, s&rsquo;est d&rsquo;ailleurs exprim\u00e9 \u00e0 ce sujet. \u00ab<em> Je suis reconnaissant \u00e0 cette \u00e9quipe pour tout ce qu&rsquo;elle m&rsquo;a apport\u00e9, cela me donne de la nostalgie car je laisse de grands amis et des personnes de valeur<\/em>\u00a0<em>derri\u00e8re moi.<\/em>\u00bb<\/p>\n","protected":false},"excerpt":{"rendered":"<p>L&rsquo;aventure de Sergio Luis Henao chez Sky va prendre fin. Pass\u00e9 professionnel en 2012 au sein de l&rsquo;\u00e9quipe britannique, le colombien de 30 ans \u00e9tait l&rsquo;un des plus anciens coureurs de la formation. C&rsquo;est donc au terme de sa septi\u00e8me saison qu&rsquo;il s&rsquo;en ira, pour rejoindre l&rsquo;\u00e9quipe UAE-Team Emirates. Il retrouvera l\u00e0-bas ses compatriotes Darwin &hellip;<\/p>\n","protected":false},"author":11,"featured_media":12047,"comment_status":"open","ping_status":"open","sticky":false,"template":"","format":"standard","meta":{"footnotes":""},"categories":[11,15,10,19],"tags":[],"class_list":["post-91355","post","type-post","status-publish","format-standard","has-post-thumbnail","hentry","category-news-niveau-2","category-route","category-mercato","category-worldtour"],"_links":{"self":[{"href":"https:\/\/cyclingpro.net\/velopro\/wp-json\/wp\/v2\/posts\/91355","targetHints":{"allow":["GET"]}}],"collection":[{"href":"https:\/\/cyclingpro.net\/velopro\/wp-json\/wp\/v2\/posts"}],"about":[{"href":"https:\/\/cyclingpro.net\/velopro\/wp-json\/wp\/v2\/types\/post"}],"author":[{"embeddable":true,"href":"https:\/\/cyclingpro.net\/velopro\/wp-json\/wp\/v2\/users\/11"}],"replies":[{"embeddable":true,"href":"https:\/\/cyclingpro.net\/velopro\/wp-json\/wp\/v2\/comments?post=91355"}],"version-history":[{"count":0,"href":"https:\/\/cyclingpro.net\/velopro\/wp-json\/wp\/v2\/posts\/91355\/revisions"}],"wp:featuredmedia":[{"embeddable":true,"href":"https:\/\/cyclingpro.net\/velopro\/wp-json\/wp\/v2\/media\/12047"}],"wp:attachment":[{"href":"https:\/\/cyclingpro.net\/velopro\/wp-json\/wp\/v2\/media?parent=91355"}],"wp:term":[{"taxonomy":"category","embeddable":true,"href":"https:\/\/cyclingpro.net\/velopro\/wp-json\/wp\/v2\/categories?post=91355"},{"taxonomy":"post_tag","embeddable":true,"href":"https:\/\/cyclingpro.net\/velopro\/wp-json\/wp\/v2\/tags?post=91355"}],"curies":[{"name":"wp","href":"https:\/\/api.w.org\/{rel}","templated":true}]}}