{"id":91332,"date":"2018-09-15T10:39:35","date_gmt":"2018-09-15T08:39:35","guid":{"rendered":"https:\/\/cyclingpro.net\/velopro\/?p=91332"},"modified":"2018-09-15T10:42:32","modified_gmt":"2018-09-15T08:42:32","slug":"coppa-agostoni-presentation-de-ledition-2018","status":"publish","type":"post","link":"https:\/\/cyclingpro.net\/velopro\/course\/coppa-agostoni\/coppa-agostoni-presentation-de-ledition-2018\/","title":{"rendered":"Coppa Agostoni : Pr\u00e9sentation de l&rsquo;\u00e9dition 2018"},"content":{"rendered":"<p><strong>72e \u00e9dition de la Coppa Agostoni (1.1), ce samedi 15 septembre<\/strong><br \/>\n<strong>Lissone &gt; Lissone, 199,9 kilom\u00e8tres<\/strong><\/p>\n<p><strong>Palmar\u00e8s :<\/strong><\/p>\n<p>2017 | Michael Albasini<br \/>\n2016 | Sonny Colbrelli<br \/>\n2015 | Davide Rebellin<br \/>\n2014 | Niccolo Bonifazio<br \/>\n2013 | Filippo Pozzato<br \/>\n2012 | Emanuele Sella<br \/>\n2011 | Sacha Modolo<br \/>\n2010 | Francesco Gavazzi<br \/>\n2009 | Giovanni Visconti<br \/>\n2008 | Linus Gerdemann<\/p>\n<p><strong>Infos :<\/strong><\/p>\n<p style=\"text-align: justify;\">Les 200 kilom\u00e8tres de la classique lombarde sont divis\u00e9s en trois secteurs. D&rsquo;abord, une premi\u00e8re partie sans difficult\u00e9 majeure de Lissone \u00e0 Cremella. Apr\u00e8s une cinquantaine de kilom\u00e8tres, le peloton de cette 72e Coppa Agostoni abordera la portion la plus dure. Il s&rsquo;agit d&rsquo;un circuit de 24,4 kilom\u00e8tres \u00e0 parcourir quatre fois. Cet itin\u00e9raire comprend les mont\u00e9es de Sirtori (1,4km \u00e0 5,6%), Colle Brianza (3,3km \u00e0 6,2%) et Lissolo (2,5km \u00e0 7,1%). Un encha\u00eenement particuli\u00e8rement casse-pattes pour un total de douze mont\u00e9es avant de basculer dans la troisi\u00e8me partie de course. L\u00e0, les \u00e9quipiers de sprinteurs pourront tenter de ramener le peloton sur les hommes de t\u00eate : les vingt derniers kilom\u00e8tres consistent en deux tours d&rsquo;un circuit plat autour de Lissone, d&rsquo;o\u00f9 les coureurs s&rsquo;\u00e9lan\u00e7aient le matin.<\/p>\n<p style=\"text-align: justify;\">Au rang des favoris, Sonny Colbrelli (Bahrain-Merida) tient la corde en cas de sprint \u00e0 l&rsquo;arriv\u00e9e. Les quatre tours de circuit avec l&rsquo;encha\u00eenement de difficult\u00e9s laissent tout de m\u00eame penser que la course sera ouverte et qu&rsquo;un groupe d&rsquo;audacieux peut aller au bout. A ce titre, Romain Bardet (AG2R) pourrait s&rsquo;imposer ou au moins bien figurer. De retour apr\u00e8s son exclusion du Tour de France, Gianni Moscon (Sky) a lui des choses \u00e0 se faire pardonner. L&rsquo;Italien a d&rsquo;ores et d\u00e9j\u00e0 annonc\u00e9 qu&rsquo;il voulait gagner pour faire taire ses d\u00e9tracteurs. La p\u00e9pite Ivan Sosa (Androni) est aussi attendue au d\u00e9part avec dans son \u00e9quipe Francesco Gavazzi, vainqueur en 2010. La succession de Michael Albasini, le tenant du titre, s&rsquo;annonce particuli\u00e8rement ind\u00e9cise.<\/p>\n<p><strong>Carte et profil :<\/strong><\/p>\n<div id='gallery-1' class='gallery galleryid-91332 gallery-columns-3 gallery-size-thumbnail'><figure class='gallery-item'>\n\t\t\t<div class='gallery-icon portrait'>\n\t\t\t\t<a href='https:\/\/cyclingpro.net\/velopro\/course\/coppa-agostoni\/coppa-agostoni-presentation-de-ledition-2018\/attachment\/coppa-agostoni-carte\/'><img loading=\"lazy\" decoding=\"async\" width=\"150\" height=\"150\" src=\"https:\/\/cyclingpro.net\/velopro\/wp-content\/uploads\/2018\/09\/coppa-agostoni-carte-150x150.jpg\" class=\"attachment-thumbnail size-thumbnail\" alt=\"\" \/><\/a>\n\t\t\t<\/div><\/figure><figure class='gallery-item'>\n\t\t\t<div class='gallery-icon landscape'>\n\t\t\t\t<a href='https:\/\/cyclingpro.net\/velopro\/course\/coppa-agostoni\/coppa-agostoni-presentation-de-ledition-2018\/attachment\/coppa-agostoni-profil\/'><img loading=\"lazy\" decoding=\"async\" width=\"150\" height=\"150\" src=\"https:\/\/cyclingpro.net\/velopro\/wp-content\/uploads\/2018\/09\/coppa-agostoni-profil-150x150.jpg\" class=\"attachment-thumbnail size-thumbnail\" alt=\"\" \/><\/a>\n\t\t\t<\/div><\/figure>\n\t\t<\/div>\n\n<p><strong>Liste des engag\u00e9s :<\/strong><\/p>\n<p><b>ITALIE<br \/>\n<\/b>1 CARUSO Damiano<br \/>\n2 BATTISTELLA Samuele<br \/>\n3 MONACO Alessandro<br \/>\n4 FABBRO Matteo<br \/>\n5 CAPECCHI Eros<br \/>\n6 RAVANELLI Simone<br \/>\n7 SCARONI Christian<\/p>\n<p><strong>UAE TEAM EMIRATES<\/strong><br \/>\n11 BAGIOLI Andrea<br \/>\n12 \u0110URASEK Kristijan<br \/>\n13 BONO Matteo<br \/>\n14 TROIA Oliviero<br \/>\n15 GANNA Filippo<br \/>\n16 Mirza Al-hammadi Yousif<br \/>\n17 COVI Alessandro<\/p>\n<p><strong>AG2R LA MONDIALE<br \/>\n<\/strong>21 BARDET Romain<br \/>\n22 CHEVRIER Clement<br \/>\n23 DOMONT Axel<br \/>\n24 MONTAGUTI Matteo<br \/>\n25 CHAMPOUSSIN Clement<br \/>\n26 VENTURINI Clement<br \/>\n27 COSNEFROY Benoit<\/p>\n<p><strong>TEAM SKY\u00a0<\/strong><br \/>\n31 BASSO Leonardo<br \/>\n32 MOSCON Gianni<br \/>\n33 GOLAS Michal<br \/>\n34 DONOVAN Mark<br \/>\n35 ROSA Diego<br \/>\n36 HAYTER Ethan<br \/>\n37 DUNBAR Edward<\/p>\n<p><strong>BAHRAIN \u2013 MERIDA<\/strong><br \/>\n41 BOARO Manuele<br \/>\n42 COLBRELLI Sonny<br \/>\n43 GASPAROTTO ENRICO<br \/>\n44 NOVAK Domen<br \/>\n45\u00a0BOLE Grega<br \/>\n46 VISCONTI Giovanni<br \/>\n47 PIRARD Maxim<\/p>\n<p><strong>GAZPROM \u2013 RUSVELO<\/strong><br \/>\n51 FOLIFOROV Alexander<br \/>\n52 LAGUTIN Sergey<br \/>\n53 BOEV Igor<br \/>\n54\u00a0SHALUNOV Evgeny<br \/>\n55 KOZONTCHUK Dmitriy<br \/>\n56 ROVNY Ivan<br \/>\n57 KOBERNYAK Evgeny<\/p>\n<p><strong>DIRECT ENERGIE<\/strong><br \/>\n61 OURSELIN Paul<br \/>\n62 SICARD Romain<br \/>\n63 CALMEJANE Lilian<br \/>\n64 QUEMENEUR Perring<br \/>\n65 TULIK Angelo<br \/>\n66 TAARAMAE Rein<br \/>\n67 GRELLIER Fabien<\/p>\n<p><strong>WILIER TRIESTINA \u2013 SELLE ITALIA<\/strong><br \/>\n71\u00a0FONZI Giuseppe<br \/>\n72 ZARDINI Edoardo<br \/>\n73 FLOREZ LOPEZ Miguel Eduardo<br \/>\n74 KOSHEVOY Ilia<br \/>\n75 SCHONBERGER Sebastian<br \/>\n76 VELASCO Simone<br \/>\n77 RINALDI Nicolas<\/p>\n<p><strong>ANDRONI GIOCATTOLI \u2013 SIDERMEC<\/strong><br \/>\n81 CATTANEO Mattia<br \/>\n82 MASNADA Fausto<br \/>\n83 BELLETTI Manuel<br \/>\n84 SOSA Ivan<br \/>\n85 FRAPPORTI Marco<br \/>\n86 GAVAZZI Francesco<br \/>\n87 BALLERINI Davide<\/p>\n<p><strong>WB ACQUA PROTECT VERANCLASSIC<\/strong><br \/>\n91 LIETAER Eliot<br \/>\n92 MORTIER Julien<br \/>\n93 MASSON Christophe<br \/>\n94 MOLLY Kenny<br \/>\n95 WARNIER Antoine<br \/>\n96 DERUETTE Thomas<br \/>\n97 PEYSKENS Dimitri<\/p>\n<p><strong>ISRAEL CYCLING ACADEMY<\/strong><br \/>\n101 ANDEMESKEL Awet<br \/>\n102 AVILA VANEGAS Edwin Alcibiades<br \/>\n103 SBARAGLI Kristian<br \/>\n104 GOLDSTEIN Omer<br \/>\n105 NIV Guy<br \/>\n106 DIAZ GALLEGO Jose Manuel<br \/>\n107 TUREK Daniel<\/p>\n<p><strong>CAJA RURAL \u2013 SEGUROS RGA<\/strong><br \/>\n111 CELANO Danilo<br \/>\n112 BENITO DIEZ Miguel Angel<br \/>\n113 MOREIRA Guarino<br \/>\n114 SERRANO RODRIGUEZ Gonzalo<br \/>\n115 IRISARRI RINCON Jon<br \/>\n116 FERRARI BARCELO Fabricio<br \/>\n117 OIEN Justin Alexander<\/p>\n<p><strong>DELKO MARSEILLE PROVENCE KTM<\/strong><br \/>\n121 FINETTO Mauro<br \/>\n122 MORENO BAZAR Javier<br \/>\n123 FILOSI Iuri<br \/>\n124 FEDELI Alessandro<br \/>\n125 FERNANDEZ CRUZ Delio<br \/>\n126 MANDRAZO RUIZ Angel<br \/>\n127 DE ROSSI Lucas<\/p>\n<p><strong>FORTUNEO \u2013 SAMSIC<\/strong><br \/>\n131 BOUET Maxime<br \/>\n132 FEILLU Brice<br \/>\n133 LEDANOIS Kevin<br \/>\n134 PERICHON Pierre-Luc<br \/>\n135 DELAPLACE Anthony<br \/>\n136 FONSECA Armindo<br \/>\n137 LE ROUX Romain<\/p>\n<p><strong>NIPPO \u2013 VINI FANTINI \u2013 EUROPA OVINI<\/strong><br \/>\n141 CANOLA Marco<br \/>\n142 BOU\u00a0 Joan<br \/>\n143 TIZZA Marco<br \/>\n144 GROSU Eduard<br \/>\n145 PONZI Simone<br \/>\n146 SANTAROMITA Ivan<br \/>\n147 ZACCANTI Filippo<\/p>\n<p><strong>BARDIANI \u2013 CSF<\/strong><br \/>\n151 BARBIN Enrico<br \/>\n152 SAVINI Daniel<br \/>\n153 CARBONI Giovanni<br \/>\n154 TONELLI Alessandro<br \/>\n155 WACKERMANN Luca<br \/>\n156 ROTA Lorenzo<br \/>\n157 ALBANESE Vincenzo<\/p>\n<p><strong>CCC SPRANDI POLKOWICE<\/strong><br \/>\n161 BROZYNA Piotr<br \/>\n162 CIESLIK Pawel<br \/>\n163 MALECKI Kamil<br \/>\n164 PALUTA Michal<br \/>\n165\u00a0BANASZEK Alan<br \/>\n166 ANTUNES Amaro<br \/>\n167\u00a0KOCH Jonas<\/p>\n<p><strong>SUISSE<\/strong><br \/>\n171 BUSSARD Dimitri<br \/>\n172 BANZER Gordian<br \/>\n173 MADER Gino<br \/>\n174 HIRSCHI Marc<br \/>\n175 FRANKINY Kilian<br \/>\n176 MULLER Patrick<br \/>\n177 LEINHARD Fabian<\/p>\n<p><strong>MS TINA \u2013 FOCUS<\/strong><br \/>\n181 MARCELLI Mattia<br \/>\n182 STACCHIOTTI Riccardo<br \/>\n183 RUSCETTA Andrea<br \/>\n185 ZURLO Federico<br \/>\n186 VULCAN Denis Marian<br \/>\n187 DIMA Emil<\/p>\n<p><strong>TEAM VORARLBERG SANTIC<\/strong><br \/>\n191 RUEGG Lukas<br \/>\n192 SCHELLING Patrick<br \/>\n193 AMANN Dominik<br \/>\n194 BADILATTI Matteo<br \/>\n195 ORRICO Davide<br \/>\n196 MEILER Lukas<br \/>\n197 STALLAERT Joeri<\/p>\n<p><strong>POLARTEC \u2013 KOMETA\u00a0<\/strong><br \/>\n201 CANTON Isaac<br \/>\n202 SEVILLA LOPEZ Diego Pablo<br \/>\n203 RIES Michael<br \/>\n204\u00a0BALLESTEROS Miguel Angel<br \/>\n205 PE\u00d1A WILSON<br \/>\n206 HABTOM Awet<\/p>\n<p><strong>LOKOSPHINX<\/strong><br \/>\n211 EVTUSHENKO Alexander<br \/>\n212 NOVIKOV Savva<br \/>\n213 SOKOLOV Dmitrii<br \/>\n214 NIKIFOROV Arseny<br \/>\n215 SVESHNIKOV kirill<br \/>\n216 VDOVIN Alexander<\/p>\n<p><strong>AMORE &amp; VITA \u2013 PRODIR<\/strong><br \/>\n221 FICARA Pierpaolo<br \/>\n222 GABURRO Davide<br \/>\n223 BIONDI Turcanu Veaceslav<br \/>\n224 BERNARDINETTI Marco<br \/>\n225 TROSINO Mirko<br \/>\n226 CORRADINI Michele<br \/>\n227 STUSSI Colin Chris<\/p>\n<p><strong>SANGEMINI \u2013 MG. K VIS \u2013 VEGA<\/strong><br \/>\n231\u00a0SALVIETTI Niccol\u00f2<br \/>\n232\u00a0TOTO\u2019 Paolo<br \/>\n233 DRAPERI Matteo<br \/>\n234 GAZZARA Michele<br \/>\n235 PUCCIONI Dario<br \/>\n236 GAFFURINI Nicola<br \/>\n237 DI SANTE Antonio<\/p>\n<p><strong>DIMENSIONE DATA FOR QHUBEKA CONTINENTAL TEAM<\/strong><br \/>\n241 SOBRERO Matteo<br \/>\n242 MAIN Kent<br \/>\n243 CHOKRI El Mehdi<br \/>\n244 MOZZATO Luca<br \/>\n245 MUGISHA Samuel<br \/>\n246 WELDU Hafetab<br \/>\n247 DE BOD Stefan<\/p>\n","protected":false},"excerpt":{"rendered":"<p>72e \u00e9dition de la Coppa Agostoni (1.1), ce samedi 15 septembre Lissone &gt; Lissone, 199,9 kilom\u00e8tres Palmar\u00e8s : 2017 | Michael Albasini 2016 | Sonny Colbrelli 2015 | Davide Rebellin 2014 | Niccolo Bonifazio 2013 | Filippo Pozzato 2012 | Emanuele Sella 2011 | Sacha Modolo 2010 | Francesco Gavazzi 2009 | Giovanni Visconti 2008 &hellip;<\/p>\n","protected":false},"author":15,"featured_media":41672,"comment_status":"open","ping_status":"open","sticky":false,"template":"","format":"standard","meta":{"footnotes":""},"categories":[11,174,24,15,28],"tags":[],"class_list":["post-91332","post","type-post","status-publish","format-standard","has-post-thumbnail","hentry","category-news-niveau-2","category-coppa-agostoni","category-presentation-course","category-route","category-course"],"_links":{"self":[{"href":"https:\/\/cyclingpro.net\/velopro\/wp-json\/wp\/v2\/posts\/91332","targetHints":{"allow":["GET"]}}],"collection":[{"href":"https:\/\/cyclingpro.net\/velopro\/wp-json\/wp\/v2\/posts"}],"about":[{"href":"https:\/\/cyclingpro.net\/velopro\/wp-json\/wp\/v2\/types\/post"}],"author":[{"embeddable":true,"href":"https:\/\/cyclingpro.net\/velopro\/wp-json\/wp\/v2\/users\/15"}],"replies":[{"embeddable":true,"href":"https:\/\/cyclingpro.net\/velopro\/wp-json\/wp\/v2\/comments?post=91332"}],"version-history":[{"count":0,"href":"https:\/\/cyclingpro.net\/velopro\/wp-json\/wp\/v2\/posts\/91332\/revisions"}],"wp:featuredmedia":[{"embeddable":true,"href":"https:\/\/cyclingpro.net\/velopro\/wp-json\/wp\/v2\/media\/41672"}],"wp:attachment":[{"href":"https:\/\/cyclingpro.net\/velopro\/wp-json\/wp\/v2\/media?parent=91332"}],"wp:term":[{"taxonomy":"category","embeddable":true,"href":"https:\/\/cyclingpro.net\/velopro\/wp-json\/wp\/v2\/categories?post=91332"},{"taxonomy":"post_tag","embeddable":true,"href":"https:\/\/cyclingpro.net\/velopro\/wp-json\/wp\/v2\/tags?post=91332"}],"curies":[{"name":"wp","href":"https:\/\/api.w.org\/{rel}","templated":true}]}}