{"id":91322,"date":"2018-09-15T09:51:27","date_gmt":"2018-09-15T07:51:27","guid":{"rendered":"https:\/\/cyclingpro.net\/velopro\/?p=91322"},"modified":"2018-09-15T09:51:27","modified_gmt":"2018-09-15T07:51:27","slug":"tour-de-chine-la-derniere-pour-manuel-penalver-le-general-pour-juan-sebastian-molano","status":"publish","type":"post","link":"https:\/\/cyclingpro.net\/velopro\/course\/tour-de-chine\/tour-de-chine-la-derniere-pour-manuel-penalver-le-general-pour-juan-sebastian-molano\/","title":{"rendered":"Tour de Chine : La derni\u00e8re pour Manuel Pe\u00f1alver, le g\u00e9n\u00e9ral pour Juan Sebasti\u00e1n Molano\u00a0"},"content":{"rendered":"<p style=\"text-align: justify;\">La derni\u00e8re \u00e9tape du premier volet du Tour de Chine se tenait ce samedi. Au terme d&rsquo;une \u00e9tape plate de 107,2 kilom\u00e8tres entre Xinning Langshan et Langshan, le peloton group\u00e9 s&rsquo;est expliqu\u00e9 sur un sprint. Le jeune Espagnol Manuel Pe\u00f1alver (Trevigiani Phonix) a r\u00e9gl\u00e9 l&#8217;emballage final. Souvent plac\u00e9 dans les arriv\u00e9es massives de l&rsquo;\u00e9preuve chinois, le coureur de 19 ans signe ici sa premi\u00e8re victoire professionnelle. Sur la ligne,\u00a0Pe\u00f1alver devance Steele Von Hoff (Bennelong SwissWellness) et Jianpeng Liu (Hengxiang).<\/p>\n<p style=\"text-align: justify;\">Il n&rsquo;y a pas de changement au classement g\u00e9n\u00e9ral. En t\u00eate depuis la deuxi\u00e8me \u00e9tape, Juan Sebastian Molano (Manzano Postobon) remporte le Tour de Chine I 2018. Le Colombien de 23 ans termine avec 8 secondes d&rsquo;avance sur Damiano Cima (Nippo-Vini Fantini) et 18 sur Jacopo Mosca (Wilier Triestina).<\/p>\n<blockquote class=\"twitter-tweet\" data-lang=\"fr\">\n<p dir=\"ltr\" lang=\"it\">La volata vincente di Manuel <a href=\"https:\/\/twitter.com\/hashtag\/Penalver?src=hash&amp;ref_src=twsrc%5Etfw\">#Penalver<\/a> nell\u2019ultima tappa del <a href=\"https:\/\/twitter.com\/hashtag\/TourofChina?src=hash&amp;ref_src=twsrc%5Etfw\">#TourofChina<\/a> I. <a href=\"https:\/\/twitter.com\/hashtag\/TrevigianiPhonix?src=hash&amp;ref_src=twsrc%5Etfw\">#TrevigianiPhonix<\/a> <a href=\"https:\/\/twitter.com\/PenalverAniorte?ref_src=twsrc%5Etfw\">@PenalverAniorte<\/a> <a href=\"https:\/\/twitter.com\/UcTrevigiani?ref_src=twsrc%5Etfw\">@UcTrevigiani<\/a> <a href=\"https:\/\/twitter.com\/PhonixItaliaSrl?ref_src=twsrc%5Etfw\">@PhonixItaliaSrl<\/a> <a href=\"https:\/\/t.co\/jOgdKxeLy5\">pic.twitter.com\/jOgdKxeLy5<\/a><\/p>\n<p>\u2014 Trevigiani Phonix Hemus 1896 (@TeamTrevigiani) <a href=\"https:\/\/twitter.com\/TeamTrevigiani\/status\/1040852091382714369?ref_src=twsrc%5Etfw\">15 septembre 2018<\/a><\/p><\/blockquote>\n<p><script async src=\"https:\/\/platform.twitter.com\/widgets.js\" charset=\"utf-8\"><\/script><\/p>\n","protected":false},"excerpt":{"rendered":"<p>La derni\u00e8re \u00e9tape du premier volet du Tour de Chine se tenait ce samedi. Au terme d&rsquo;une \u00e9tape plate de 107,2 kilom\u00e8tres entre Xinning Langshan et Langshan, le peloton group\u00e9 s&rsquo;est expliqu\u00e9 sur un sprint. Le jeune Espagnol Manuel Pe\u00f1alver (Trevigiani Phonix) a r\u00e9gl\u00e9 l&#8217;emballage final. Souvent plac\u00e9 dans les arriv\u00e9es massives de l&rsquo;\u00e9preuve chinois, &hellip;<\/p>\n","protected":false},"author":15,"featured_media":91324,"comment_status":"open","ping_status":"open","sticky":false,"template":"","format":"standard","meta":{"footnotes":""},"categories":[11,14,15,172,28],"tags":[],"class_list":["post-91322","post","type-post","status-publish","format-standard","has-post-thumbnail","hentry","category-news-niveau-2","category-resultats","category-route","category-tour-de-chine","category-course"],"_links":{"self":[{"href":"https:\/\/cyclingpro.net\/velopro\/wp-json\/wp\/v2\/posts\/91322","targetHints":{"allow":["GET"]}}],"collection":[{"href":"https:\/\/cyclingpro.net\/velopro\/wp-json\/wp\/v2\/posts"}],"about":[{"href":"https:\/\/cyclingpro.net\/velopro\/wp-json\/wp\/v2\/types\/post"}],"author":[{"embeddable":true,"href":"https:\/\/cyclingpro.net\/velopro\/wp-json\/wp\/v2\/users\/15"}],"replies":[{"embeddable":true,"href":"https:\/\/cyclingpro.net\/velopro\/wp-json\/wp\/v2\/comments?post=91322"}],"version-history":[{"count":0,"href":"https:\/\/cyclingpro.net\/velopro\/wp-json\/wp\/v2\/posts\/91322\/revisions"}],"wp:featuredmedia":[{"embeddable":true,"href":"https:\/\/cyclingpro.net\/velopro\/wp-json\/wp\/v2\/media\/91324"}],"wp:attachment":[{"href":"https:\/\/cyclingpro.net\/velopro\/wp-json\/wp\/v2\/media?parent=91322"}],"wp:term":[{"taxonomy":"category","embeddable":true,"href":"https:\/\/cyclingpro.net\/velopro\/wp-json\/wp\/v2\/categories?post=91322"},{"taxonomy":"post_tag","embeddable":true,"href":"https:\/\/cyclingpro.net\/velopro\/wp-json\/wp\/v2\/tags?post=91322"}],"curies":[{"name":"wp","href":"https:\/\/api.w.org\/{rel}","templated":true}]}}