{"id":91142,"date":"2018-09-15T10:06:31","date_gmt":"2018-09-15T08:06:31","guid":{"rendered":"https:\/\/cyclingpro.net\/velopro\/?p=91142"},"modified":"2018-09-15T10:41:39","modified_gmt":"2018-09-15T08:41:39","slug":"primus-classic-presentation-de-ledition-2018","status":"publish","type":"post","link":"https:\/\/cyclingpro.net\/velopro\/course\/primus-classic\/primus-classic-presentation-de-ledition-2018\/","title":{"rendered":"Primus Classic : Pr\u00e9sentation de l&rsquo;\u00e9dition 2018"},"content":{"rendered":"<p><strong>8e \u00e9dition de la Primus Classic (1.HC), samedi 15 septembre\u00a0<\/strong><br \/>\n<strong>Brakel &gt; Haacht, 193 kilom\u00e8tres<\/strong><\/p>\n<p><strong>Palmar\u00e8s :<\/strong><\/p>\n<p>2017 | Matteo Trentin<br \/>\n2016 | Fernando Gaviria<br \/>\n2015 | Sean De Bie<br \/>\n2014 | Greg Van Avermaet<br \/>\n2013 | Sep Vanmarcke<br \/>\n2012 | Andr\u00e9 Greipel<br \/>\n2011 | Sander Cordeel<\/p>\n<p><strong>Infos :<\/strong><\/p>\n<p style=\"text-align: justify;\">Longue de 193 kilom\u00e8tres entre Brakel et Haacht, la Primus Classic se tient ce samedi. Le d\u00e9part est pr\u00e9vu \u00e0 11 heures pour cette \u00e9preuve qui a gravi les \u00e9chelons depuis sa cr\u00e9ation en 2011. D&rsquo;abord class\u00e9 1.2, elle est devenue 1.1 l&rsquo;ann\u00e9e suivante puis 1.HC en 2015.<\/p>\n<p style=\"text-align: justify;\">Pas de pav\u00e9s mais nombre de petits monts sont au programme de l&rsquo;\u00e9preuve ce samedi. L&rsquo;essentiel des difficult\u00e9s se trouve au c\u0153ur de la course, alors que les 20 derniers kilom\u00e8tres sont plats. Avant coup, tous les sc\u00e9narios semblent possibles : une \u00e9chapp\u00e9e victorieuse, un groupe de costauds qui s&rsquo;extrait dans la derni\u00e8re difficult\u00e9, ou m\u00eame une explication entre sprinteurs.<\/p>\n<p style=\"text-align: justify;\">Au rang des favoris, le num\u00e9ro un s&rsquo;appelle Greg Van Avermaet (BMC), pour la simple et bonne raison qu&rsquo;il est capable de l&#8217;emporter apr\u00e8s diff\u00e9rents sc\u00e9narios. Il a en tout cas montr\u00e9 sa bonne forme derni\u00e8rement en terminant troisi\u00e8me du GP de Montr\u00e9al, et deuxi\u00e8me du GP de Qu\u00e9bec. En cas de sprint massif \u00e0 l&rsquo;arriv\u00e9e devant la brasserie productrice de la bi\u00e8re Primus, celle qui a donn\u00e9 son nom \u00e0 l&rsquo;\u00e9preuve, Dylan Groenewegen (LottoNL-Jumbo) pourrait aussi faire mouche. Jens Debusschere (Lotto Soudal) ou John Degenkolb (Trek) sont \u00e9galement attendus au d\u00e9part.<\/p>\n<p><strong>Carte et profil :<\/strong><\/p>\n<div id='gallery-1' class='gallery galleryid-91142 gallery-columns-3 gallery-size-thumbnail'><figure class='gallery-item'>\n\t\t\t<div class='gallery-icon landscape'>\n\t\t\t\t<a href='https:\/\/cyclingpro.net\/velopro\/course\/primus-classic\/primus-classic-presentation-de-ledition-2018\/attachment\/primus-classic-2\/'><img loading=\"lazy\" decoding=\"async\" width=\"150\" height=\"150\" src=\"https:\/\/cyclingpro.net\/velopro\/wp-content\/uploads\/2018\/09\/primus-classic-2-150x150.jpg\" class=\"attachment-thumbnail size-thumbnail\" alt=\"\" \/><\/a>\n\t\t\t<\/div><\/figure><figure class='gallery-item'>\n\t\t\t<div class='gallery-icon landscape'>\n\t\t\t\t<a href='https:\/\/cyclingpro.net\/velopro\/course\/primus-classic\/primus-classic-presentation-de-ledition-2018\/attachment\/primus-classic-3\/'><img loading=\"lazy\" decoding=\"async\" width=\"150\" height=\"150\" src=\"https:\/\/cyclingpro.net\/velopro\/wp-content\/uploads\/2018\/09\/primus-classic-150x150.jpg\" class=\"attachment-thumbnail size-thumbnail\" alt=\"\" \/><\/a>\n\t\t\t<\/div><\/figure>\n\t\t<\/div>\n\n<p><strong>Liste des engag\u00e9s :<\/strong><\/p>\n<p><strong>Lotto Soudal<\/strong><br \/>\n1 WOUTERS Enzo<br \/>\n2 DE BUYST Jasper<br \/>\n3 DEBUSSCHERE Jens<br \/>\n4 DEWULF Stan<br \/>\n5 KEUKELEIRE Jens<br \/>\n6 FRISON Frederik<br \/>\n7 SIEBERG Marcel<\/p>\n<p><strong>Team LottoNL-Jumbo<\/strong><br \/>\n11 GROENEWEGEN Dylan<br \/>\n12 VAN EMDEN Jos<br \/>\n13 TOLHOEK Antwan<br \/>\n14 MARTENS Paul<br \/>\n15 TANKINK Bram<br \/>\n16 VAN HOECKE Gijs<br \/>\n17 WAGNER Robert<\/p>\n<p><strong>Trek \u2013 Segafredo<\/strong><br \/>\n21 DEGENKOLB John<br \/>\n22 ALAFACI Eugenio<br \/>\n23 SKUJI\u0145\u0160 Toms<br \/>\n24 FRAME Alex<br \/>\n25 PEDERSEN Mads<br \/>\n26 EG Niklas<br \/>\n27 GUERREIRO Ruben<\/p>\n<p><strong>BMC Racing Team<\/strong><br \/>\n31 VAN AVERMAET Greg<br \/>\n32 DRUCKER Jempy<br \/>\n33 BOHLI Tom<br \/>\n34 ROELANDTS J\u00fcrgen<br \/>\n35 VAN HOOYDONCK Nathan<br \/>\n36 VLIEGEN Lo\u00efc<br \/>\n37 WYSS Danilo<\/p>\n<p><strong>Team Katusha \u2013 Alpecin<\/strong><br \/>\n41 BIERMANS Jenthe<br \/>\n42 HAAS Nathan<br \/>\n44 NIJSSEN Kenny<br \/>\n45 PLANCKAERT Baptiste<br \/>\n46 SMIT Willie<br \/>\n47 STRAKHOV Dmitry<\/p>\n<p><strong>Direct Energie<\/strong><br \/>\n51 PETIT Adrien<br \/>\n52 CARDIS Romain<br \/>\n53 BOUDAT Thomas<br \/>\n54 CORNU J\u00e9r\u00e9my<br \/>\n55 COUSIN J\u00e9r\u00f4me<br \/>\n56 GAILLARD Marlon<br \/>\n57 NAULEAU Bryan<\/p>\n<p><strong>Hagens Berman Axeon<\/strong><br \/>\n61 PHILIPSEN Jasper<br \/>\n62 BROWN Jonny<br \/>\n63 GARRISON Ian<br \/>\n64 OLIVEIRA Rui<br \/>\n65 ALMEIDA Jo\u00e3o<br \/>\n66 RICE Michael<br \/>\n67 ZIJLAARD Maikel<\/p>\n<p><strong>Israel Cycling Academy<\/strong><br \/>\n71 CARISEY Cl\u00e9ment<br \/>\n72 SAGIV Guy<br \/>\n73 JENSEN August<br \/>\n74 PERRY Ben<br \/>\n75 SCHREURS Hamish<br \/>\n76 GOLDSTEIN Roy<br \/>\n77 ENGER Sondre<\/p>\n<p><strong>Roompot \u2013 Nederlandse Loterij<\/strong><br \/>\n81 BUDDING Martijn<br \/>\n82 VAN DER HOORN Taco<br \/>\n83 VAN GINNEKEN Sjoerd<br \/>\n84 VAN GOETHEM Brian<br \/>\n85 VAN SCHIP Jan-Willem<br \/>\n86 VERMELTFOORT Coen<br \/>\n87 WIPPERT Wouter<\/p>\n<p><strong>Sport Vlaanderen \u2013 Baloise<\/strong><br \/>\n91 DE GENDT Aim\u00e9<br \/>\n92 DE KETELE Kenny<br \/>\n93 FARAZIJN Maxime<br \/>\n94 DECLERCQ Benjamin<br \/>\n95 PLANCKAERT Edward<br \/>\n96 VAN GESTEL Dries<br \/>\n97 VAN GOMPEL Mathias<\/p>\n<p><strong>Team Fortuneo \u2013 Samsic<\/strong><br \/>\n101 DANIEL Maxime<br \/>\n102 G\u00c9RARD Arnaud<br \/>\n103 JARRIER Beno\u00eet<br \/>\n104 LAUK Karl Patrick<br \/>\n105 RUSSO Cl\u00e9ment<br \/>\n106 VACHON Florian<br \/>\n107 WELTEN Bram<\/p>\n<p><strong>V\u00e9randas Willems-Crelan<\/strong><br \/>\n111 DEVOLDER Stijn<br \/>\n112 DUIJN Huub<br \/>\n113 LEYSEN Senne<br \/>\n114 STEELS Stijn<br \/>\n115 VAN BREUSSEGEM Elias<br \/>\n116 D\u2019HEYGERE Gil<br \/>\n117 SEYE Guillaume<\/p>\n<p><strong>Vital Concept Cycling Club<\/strong><br \/>\n121 DE BACKER Bert<br \/>\n122 LE BON Johan<br \/>\n123 LECROQ J\u00e9r\u00e9my<br \/>\n124 MANZIN Lorrenzo<br \/>\n125 MORICE Julien<br \/>\n126 REZA K\u00e9vin<br \/>\n127 VAN GENECHTEN Jonas<\/p>\n<p><strong>Wanty \u2013 Groupe Gobert<\/strong><br \/>\n131 BACKAERT Frederik<br \/>\n132 PASQUALON Andrea<br \/>\n133 DUPONT Timothy<br \/>\n134 KREDER Wesley<br \/>\n135 VALL\u00c9E Boris<br \/>\n136 VAN KEIRSBULCK Guillaume<br \/>\n137 VANSPEYBROUCK Pieter<\/p>\n<p><strong>WB Aqua Protect Veranclassic<\/strong><br \/>\n141 DE WINTER Ludwig<br \/>\n142 DELFOSSE S\u00e9bastien<br \/>\n143 ISTA Kevyn<br \/>\n144 VANTOMME Maxime<br \/>\n145 KIRSCH Alex<br \/>\n146 ROBEET Ludovic<br \/>\n147 STASSEN Julien<\/p>\n<p><strong>AGO-Aqua Service<\/strong><br \/>\n151 ARIMONT Charlie<br \/>\n152 DE WINTER Gordon<br \/>\n153 DOPCHIE Felix<br \/>\n154 PESTIAUX Yann<br \/>\n155 TASSET Marvin<br \/>\n156 VAN VUCHELEN Tom<br \/>\n157 ERNST Robin<\/p>\n<p><strong>Cibel \u2013 Cebon<\/strong><br \/>\n161 COBBAERT Robby<br \/>\n162 DIELEMAN Michiel<br \/>\n163 JANS Roy<br \/>\n164 JANSSENS Jimmy<br \/>\n165 REYNAERTS Jan<br \/>\n166 TEUGELS Lennert<br \/>\n167 REYNAERTS Wim<\/p>\n<p><strong>T.Palm \u2013 Pole Continental Wallon<\/strong><br \/>\n171 DE SY Vincent<br \/>\n172 HAAG Guillaume<br \/>\n173 LAMB Ross<br \/>\n174 LEWIS Adam<br \/>\n175 WALSH Edward<br \/>\n176 PETIT Tomas<br \/>\n177 SLAGMULDERS Yorick<\/p>\n<p><strong>Tarteletto \u2013 Isorex<\/strong><br \/>\n181 BOUCHER David<br \/>\n182 CANT Jelle<br \/>\n183 DE GROOTE Arne<br \/>\n184 DE JONGHE Kevin<br \/>\n185 DE ROOZE Niels<br \/>\n186 SEFA Ylber<br \/>\n187 TORRES Sergio<\/p>\n<p><strong>Team Coop<\/strong><br \/>\n191 HJEMSAETER Olav<br \/>\n192 AASVOLD Kristian<br \/>\n193 BENDIXEN Louis<br \/>\n194 H\u00d6\u00d6G Gustav<br \/>\n196 LUKKEDAHL \u00d8ivind<br \/>\n197 TRONDSEN Trond<\/p>\n<p><strong>Lviv Cycling Team<\/strong><br \/>\n201 MALIEIEV Tymur<br \/>\n202 MUSIIENKO Bohdan<br \/>\n203 DZHUS Volodymyr<br \/>\n204 WILLAERTS Niels<br \/>\n205 KLEPIKOV Illya<br \/>\n207 VASILYEV Maksym<\/p>\n","protected":false},"excerpt":{"rendered":"<p>8e \u00e9dition de la Primus Classic (1.HC), samedi 15 septembre\u00a0 Brakel &gt; Haacht, 193 kilom\u00e8tres Palmar\u00e8s : 2017 | Matteo Trentin 2016 | Fernando Gaviria 2015 | Sean De Bie 2014 | Greg Van Avermaet 2013 | Sep Vanmarcke 2012 | Andr\u00e9 Greipel 2011 | Sander Cordeel Infos : Longue de 193 kilom\u00e8tres entre Brakel &hellip;<\/p>\n","protected":false},"author":15,"featured_media":91146,"comment_status":"open","ping_status":"open","sticky":false,"template":"","format":"standard","meta":{"footnotes":""},"categories":[11,24,177,15,28],"tags":[],"class_list":["post-91142","post","type-post","status-publish","format-standard","has-post-thumbnail","hentry","category-news-niveau-2","category-presentation-course","category-primus-classic","category-route","category-course"],"_links":{"self":[{"href":"https:\/\/cyclingpro.net\/velopro\/wp-json\/wp\/v2\/posts\/91142","targetHints":{"allow":["GET"]}}],"collection":[{"href":"https:\/\/cyclingpro.net\/velopro\/wp-json\/wp\/v2\/posts"}],"about":[{"href":"https:\/\/cyclingpro.net\/velopro\/wp-json\/wp\/v2\/types\/post"}],"author":[{"embeddable":true,"href":"https:\/\/cyclingpro.net\/velopro\/wp-json\/wp\/v2\/users\/15"}],"replies":[{"embeddable":true,"href":"https:\/\/cyclingpro.net\/velopro\/wp-json\/wp\/v2\/comments?post=91142"}],"version-history":[{"count":0,"href":"https:\/\/cyclingpro.net\/velopro\/wp-json\/wp\/v2\/posts\/91142\/revisions"}],"wp:featuredmedia":[{"embeddable":true,"href":"https:\/\/cyclingpro.net\/velopro\/wp-json\/wp\/v2\/media\/91146"}],"wp:attachment":[{"href":"https:\/\/cyclingpro.net\/velopro\/wp-json\/wp\/v2\/media?parent=91142"}],"wp:term":[{"taxonomy":"category","embeddable":true,"href":"https:\/\/cyclingpro.net\/velopro\/wp-json\/wp\/v2\/categories?post=91142"},{"taxonomy":"post_tag","embeddable":true,"href":"https:\/\/cyclingpro.net\/velopro\/wp-json\/wp\/v2\/tags?post=91142"}],"curies":[{"name":"wp","href":"https:\/\/api.w.org\/{rel}","templated":true}]}}